{"id":24868,"date":"2010-07-14T12:48:36","date_gmt":"2010-07-14T10:48:36","guid":{"rendered":"https:\/\/mediarun.com\/index.php\/news-posts\/dodatki-literackie-w-tygodniku-powszechnym\/"},"modified":"2010-07-14T12:48:36","modified_gmt":"2010-07-14T10:48:36","slug":"dodatki-literackie-w-tygodniku-powszechnym","status":"publish","type":"post","link":"https:\/\/mediarun.com\/pl\/media\/prasa\/dodatki-literackie-w-tygodniku-powszechnym.html","title":{"rendered":"Dodatki literackie w Tygodniku Powszechnym"},"content":{"rendered":"<p>W dodatku pisz\u0105 go\u015bcie zaproszeni na tegoroczn\u0105 edycj\u0119 Festiwalu, m.in.: Grzegorz Jankowicz o zaproszonej do Krakowa laureatce Nagrody Nobla, Hercie M&uuml;ller; Olga Stanis\u0142awska o wsp&oacute;\u0142czesnym reporta\u017cu; Ewa Kuryluk o pisaniu autobiografii; Leopold Neuger o &#8222;Naszej klasie&#8221; Tadeusza S\u0142obodzianka, kt&oacute;ry to dramat b\u0119dzie mo\u017cna zobaczy\u0107 w trakcie Festiwalu Conrada.<\/p>\n<p>W dodatku tak\u017ce pisany specjalnie dla Tygodnika Powszechnego esej o Nietzschem autorstwa  jednego z najwybitniejszych w\u0119gierskich pisarzy, L&aacute;szl&oacute; Krasznahorkai oraz esej El\u017cbiety Sobolowskiej przybli\u017caj\u0105cy sylwetk\u0119 Krasznahorkai. Numer z dodatkiem w sprzeda\u017cy od 14 lipca.<\/p>\n<p>Natomiast w nast\u0119pnym numerze Tygodnika Powszechnego (w sprzeda\u017cy od 21 lipca) kolejny &#8222;Magazyn Literacki &#8211; Ksi\u0105\u017cki w Tygodniku&#8221;, w kt&oacute;rym czytelnicy przeczytaj\u0105 o  nowych przek\u0142adach dzie\u0142 Dostojewskiego. O jego pisarstwie pisz\u0105 Przemys\u0142aw Czapli\u0144ski, Cezary Michalski, Micha\u0142 Ok\u0142ot. Opr&oacute;cz tego: recenzje nowo\u015bci wydawniczych, felietony Ingi Iwasi&oacute;w i Piotra \u015aliwi\u0144skiego oraz komiks Bartosza Minkiewicza.<\/p>\n","protected":false},"excerpt":{"rendered":"Najnowszy Tygodnik Powszechny zawiera dodatek po\u015bwi\u0119cony II Mi\u0119dzynarodowemu Festiwalowi im. Josepha Conrada, kt&oacute;ry odb\u0119dzie w listopadzie br. w Krakowie.","protected":false},"author":1,"featured_media":24869,"comment_status":"open","ping_status":"closed","sticky":false,"template":"","format":"standard","meta":{"csco_display_header_overlay":false,"csco_singular_sidebar":"","csco_page_header_type":"","csco_page_load_nextpost":"","csco_post_video_location":[],"csco_post_video_location_hash":"","csco_post_video_url":"","csco_post_video_bg_start_time":0,"csco_post_video_bg_end_time":0,"footnotes":""},"categories":[9673],"tags":[676],"class_list":{"0":"post-24868","1":"post","2":"type-post","3":"status-publish","4":"format-standard","5":"has-post-thumbnail","7":"category-prasa","8":"tag-tygodnik-powszechny","9":"cs-entry","10":"cs-video-wrap"},"_links":{"self":[{"href":"https:\/\/mediarun.com\/pl\/wp-json\/wp\/v2\/posts\/24868","targetHints":{"allow":["GET"]}}],"collection":[{"href":"https:\/\/mediarun.com\/pl\/wp-json\/wp\/v2\/posts"}],"about":[{"href":"https:\/\/mediarun.com\/pl\/wp-json\/wp\/v2\/types\/post"}],"author":[{"embeddable":true,"href":"https:\/\/mediarun.com\/pl\/wp-json\/wp\/v2\/users\/1"}],"replies":[{"embeddable":true,"href":"https:\/\/mediarun.com\/pl\/wp-json\/wp\/v2\/comments?post=24868"}],"version-history":[{"count":0,"href":"https:\/\/mediarun.com\/pl\/wp-json\/wp\/v2\/posts\/24868\/revisions"}],"wp:featuredmedia":[{"embeddable":true,"href":"https:\/\/mediarun.com\/pl\/wp-json\/wp\/v2\/media\/24869"}],"wp:attachment":[{"href":"https:\/\/mediarun.com\/pl\/wp-json\/wp\/v2\/media?parent=24868"}],"wp:term":[{"taxonomy":"category","embeddable":true,"href":"https:\/\/mediarun.com\/pl\/wp-json\/wp\/v2\/categories?post=24868"},{"taxonomy":"post_tag","embeddable":true,"href":"https:\/\/mediarun.com\/pl\/wp-json\/wp\/v2\/tags?post=24868"}],"curies":[{"name":"wp","href":"https:\/\/api.w.org\/{rel}","templated":true}]}}