{"id":24836,"date":"2010-07-15T12:12:47","date_gmt":"2010-07-15T10:12:47","guid":{"rendered":"https:\/\/mediarun.com\/index.php\/news-posts\/koniec-zdjec-do-3-sezonu-tancerzy\/"},"modified":"2010-07-15T12:12:47","modified_gmt":"2010-07-15T10:12:47","slug":"koniec-zdjec-do-3-sezonu-tancerzy","status":"publish","type":"post","link":"https:\/\/mediarun.com\/pl\/media\/tv\/koniec-zdjec-do-3-sezonu-tancerzy.html","title":{"rendered":"Koniec zdj\u0119\u0107 do 3. sezonu &#8222;Tancerzy&#8221;"},"content":{"rendered":"<p>W trzecim  sezonie czekaj\u0105 na widz&oacute;w nowi bohaterowie, mi\u0142osne perypetie i przede wszystkim du\u017co ta\u0144ca. 13 odcink&oacute;w do trzeciej serii wyre\u017cyserowa\u0142 Xawery \u017bu\u0142awski.<\/p>\n<p>Serial przeszed\u0142 kilka zmian. Obsada serialu wzbogaci\u0142a si\u0119 o nowe postacie. W role kolejnych student&oacute;w akademii wcielili si\u0119 Marcin Krajewski i Kaja Walden. Zmieni\u0142 si\u0119 r&oacute;wnie\u017c odtw&oacute;rca roli Piotra, kt&oacute;rego gra\u0142 Sebastian Fabia\u0144ski. Zast\u0105pi\u0142 go Gabriel Piotrowski. W rolach epizodycznych wyst\u0105pili: Jacek Borkowski i Pawe\u0142 Okraska. Ekipa realizowa\u0142a zdj\u0119cia zar&oacute;wno w hali zdj\u0119ciowej gdzie wybudowana jest szko\u0142a Heleny Na\u0142\u0119cz- Gonzales, jak i w ca\u0142ym malowniczym Wroc\u0142awiu.<\/p>\n<p>&#8222;Tancerze&#8221; to serial taneczno-muzyczny. Jego bohaterami s\u0105 studenci i nauczyciele prywatnej szko\u0142y artystycznej. W rolach g\u0142&oacute;wnych wyst\u0119puj\u0105 m.in.: Wojciech Mecwaldowski, Marcin Doroci\u0144ski, Ma\u0142gorzata Niemirska, Magdalena Walach, Katarzyna Glinka i Natalia Lesz. Produkcja &#8222;Tancerze&#8221; realizowana jest na podstawie hiszpa\u0144skiego formatu zainspirowanego ameryka\u0144sk\u0105 produkcj\u0105 pt. &#8222;Fame&#8221;.<\/p>\n<p>Pierwszy sezon &#8222;Tancerzy&#8221;, emitowany wiosn\u0105 2009 r, przyci\u0105ga\u0142 przed telewizory \u015brednio 1,63 mln widz&oacute;w i osi\u0105gaj\u0105c 12,31 proc. udzia\u0142u w rynku. \u015arednia widownia drugiej edycji, emitowanej jesieni\u0105 2009,  wynios\u0142a 2,18 mln widz&oacute;w, 17,19 proc. udzia\u0142u (dane Nielsen Audience Measurement dla grupy 4+).<\/p>\n","protected":false},"excerpt":{"rendered":"13 lipca br. pad\u0142 ostatni klaps do kolejnej serii &#8222;Tancerzy&#8221;, kt&oacute;ra pojawi si\u0119 w jesiennej ram&oacute;wce TVP2.","protected":false},"author":1,"featured_media":24837,"comment_status":"open","ping_status":"closed","sticky":false,"template":"","format":"standard","meta":{"csco_display_header_overlay":false,"csco_singular_sidebar":"","csco_page_header_type":"","csco_page_load_nextpost":"","csco_post_video_location":[],"csco_post_video_location_hash":"","csco_post_video_url":"","csco_post_video_bg_start_time":0,"csco_post_video_bg_end_time":0,"footnotes":""},"categories":[9670],"tags":[331,1083,610],"class_list":{"0":"post-24836","1":"post","2":"type-post","3":"status-publish","4":"format-standard","5":"has-post-thumbnail","7":"category-tv","8":"tag-atm-grupa","9":"tag-nielsen-audience-measurement","10":"tag-tvp2","11":"cs-entry","12":"cs-video-wrap"},"_links":{"self":[{"href":"https:\/\/mediarun.com\/pl\/wp-json\/wp\/v2\/posts\/24836","targetHints":{"allow":["GET"]}}],"collection":[{"href":"https:\/\/mediarun.com\/pl\/wp-json\/wp\/v2\/posts"}],"about":[{"href":"https:\/\/mediarun.com\/pl\/wp-json\/wp\/v2\/types\/post"}],"author":[{"embeddable":true,"href":"https:\/\/mediarun.com\/pl\/wp-json\/wp\/v2\/users\/1"}],"replies":[{"embeddable":true,"href":"https:\/\/mediarun.com\/pl\/wp-json\/wp\/v2\/comments?post=24836"}],"version-history":[{"count":0,"href":"https:\/\/mediarun.com\/pl\/wp-json\/wp\/v2\/posts\/24836\/revisions"}],"wp:featuredmedia":[{"embeddable":true,"href":"https:\/\/mediarun.com\/pl\/wp-json\/wp\/v2\/media\/24837"}],"wp:attachment":[{"href":"https:\/\/mediarun.com\/pl\/wp-json\/wp\/v2\/media?parent=24836"}],"wp:term":[{"taxonomy":"category","embeddable":true,"href":"https:\/\/mediarun.com\/pl\/wp-json\/wp\/v2\/categories?post=24836"},{"taxonomy":"post_tag","embeddable":true,"href":"https:\/\/mediarun.com\/pl\/wp-json\/wp\/v2\/tags?post=24836"}],"curies":[{"name":"wp","href":"https:\/\/api.w.org\/{rel}","templated":true}]}}