{"id":24806,"date":"2010-07-16T11:22:42","date_gmt":"2010-07-16T09:22:42","guid":{"rendered":"https:\/\/mediarun.com\/index.php\/news-posts\/specjalne-urodzinowe-wydanie-gali\/"},"modified":"2010-07-16T11:22:42","modified_gmt":"2010-07-16T09:22:42","slug":"specjalne-urodzinowe-wydanie-gali","status":"publish","type":"post","link":"https:\/\/mediarun.com\/pl\/media\/prasa\/specjalne-urodzinowe-wydanie-gali.html","title":{"rendered":"Specjalne, urodzinowe wydanie Gali"},"content":{"rendered":"<p>Na ok\u0142adce urodzinowej <a href=\"http:\/\/dlafirm.mediarun.pl\/katalog\/firma\/gala-wydawnictwo-gruner-jahr-polska,3152,1.html\" target=\"_blank\" rel=\"noopener\">Gali<\/a> zago\u015bci\u0142o 9 najs\u0142awniejszych polskich kobiet. Gwiazdy nie wyst\u0105pi\u0142y w sesji zdj\u0119ciowej, ale zosta\u0142y narysowane przez Agat\u0119 &#8222;Endo&#8221; Nowick\u0105 &#8211; polsk\u0105 rysowniczk\u0119. Materia\u0142 po\u015bwi\u0119cony ok\u0142adkowym bohaterkom r&oacute;wnie\u017c sk\u0142ada si\u0119 z dziewi\u0119ciu ilustracji.<\/p>\n<p>Numer powsta\u0142 pod kierownictwem nowego dyrektora artystycznego Gali, Jakuba &#8222;Pionty&#8221; Jezierskiego, kt&oacute;ry obj\u0105\u0142 to stanowisko 1 lipca br. Wcze\u015bniej pracowa\u0142 jako dyrektor kreatywny w magazynach A4, Fluid; przygotowywa\u0142 now\u0105 makiet\u0119 pism Fashion i Exklusiv.<\/p>\n<p>Urodzinowa Gala uka\u017ce si\u0119 w sprzeda\u017cy w poniedzia\u0142ek 19 lipca, w nak\u0142adzie 180 tys., w cenie 3,99 z\u0142, z klejonym grzbietem.<\/p>\n","protected":false},"excerpt":{"rendered":"Z okazji 9. urodzin tygodnik Gala uka\u017ce si\u0119 w specjalnej ods\u0142onie, przygotowanej przez nowego dyrektora artystycznego.","protected":false},"author":1,"featured_media":24807,"comment_status":"open","ping_status":"closed","sticky":false,"template":"","format":"standard","meta":{"csco_display_header_overlay":false,"csco_singular_sidebar":"","csco_page_header_type":"","csco_page_load_nextpost":"","csco_post_video_location":[],"csco_post_video_location_hash":"","csco_post_video_url":"","csco_post_video_bg_start_time":0,"csco_post_video_bg_end_time":0,"footnotes":""},"categories":[9673],"tags":[528],"class_list":{"0":"post-24806","1":"post","2":"type-post","3":"status-publish","4":"format-standard","5":"has-post-thumbnail","7":"category-prasa","8":"tag-gala","9":"cs-entry","10":"cs-video-wrap"},"_links":{"self":[{"href":"https:\/\/mediarun.com\/pl\/wp-json\/wp\/v2\/posts\/24806","targetHints":{"allow":["GET"]}}],"collection":[{"href":"https:\/\/mediarun.com\/pl\/wp-json\/wp\/v2\/posts"}],"about":[{"href":"https:\/\/mediarun.com\/pl\/wp-json\/wp\/v2\/types\/post"}],"author":[{"embeddable":true,"href":"https:\/\/mediarun.com\/pl\/wp-json\/wp\/v2\/users\/1"}],"replies":[{"embeddable":true,"href":"https:\/\/mediarun.com\/pl\/wp-json\/wp\/v2\/comments?post=24806"}],"version-history":[{"count":0,"href":"https:\/\/mediarun.com\/pl\/wp-json\/wp\/v2\/posts\/24806\/revisions"}],"wp:featuredmedia":[{"embeddable":true,"href":"https:\/\/mediarun.com\/pl\/wp-json\/wp\/v2\/media\/24807"}],"wp:attachment":[{"href":"https:\/\/mediarun.com\/pl\/wp-json\/wp\/v2\/media?parent=24806"}],"wp:term":[{"taxonomy":"category","embeddable":true,"href":"https:\/\/mediarun.com\/pl\/wp-json\/wp\/v2\/categories?post=24806"},{"taxonomy":"post_tag","embeddable":true,"href":"https:\/\/mediarun.com\/pl\/wp-json\/wp\/v2\/tags?post=24806"}],"curies":[{"name":"wp","href":"https:\/\/api.w.org\/{rel}","templated":true}]}}