{"id":24786,"date":"2010-07-16T16:29:51","date_gmt":"2010-07-16T14:29:51","guid":{"rendered":"https:\/\/mediarun.com\/index.php\/news-posts\/abra-z-letnia-kampania-reklamowa\/"},"modified":"2010-07-16T16:29:51","modified_gmt":"2010-07-16T14:29:51","slug":"abra-z-letnia-kampania-reklamowa","status":"publish","type":"post","link":"https:\/\/mediarun.com\/pl\/marketing\/atl\/abra-z-letnia-kampania-reklamowa.html","title":{"rendered":"Abra z letni\u0105 kampani\u0105 reklamow\u0105"},"content":{"rendered":"<p>Trwaj\u0105c\u0105 do ko\u0144ca sierpnia kampani\u0119 reklamow\u0105 pod has\u0142em &#8222;Wakacyjna akcja Abra&#8221; przygotowa\u0142a agencja Heads Advertising, wsp&oacute;lnie z dzia\u0142em marketingu ABRA.<\/p>\n<p>Kampania telewizyjna potrwa do ko\u0144ca sierpnia i obejmuje takie kana\u0142y jak: TVP 1, TVP 2 i telewizj\u0119 Polsat. Spoty radiowe emitowane s\u0105 w radiu ZET i RMF FM.<\/p>\n<p>Reklama w formie insert&oacute;w obejmuje pras\u0119 telewizyjn\u0105 i kobiec\u0105 m.in. magazyny: Tele Tydzie\u0144, Przyjaci&oacute;\u0142ka, Tina. Dodatkowo we wszystkich miastach, w kt&oacute;rych znajduj\u0105 si\u0119 sklepy Abra, w nak\u0142adzie ponad 2 mln sztuk dystrybuowane s\u0105 specjalne katalogi z promocyjn\u0105 ofert\u0105 firmy.<\/p>\n","protected":false},"excerpt":{"rendered":"Sie\u0107 sklep&oacute;w meblowych Abra ruszy\u0142a kampania reklamow\u0105 w prasie, radiu i telewizji, po\u0142\u0105czon\u0105 z wyprzeda\u017cami i promocjami.","protected":false},"author":1,"featured_media":24787,"comment_status":"open","ping_status":"closed","sticky":false,"template":"","format":"standard","meta":{"csco_display_header_overlay":false,"csco_singular_sidebar":"","csco_page_header_type":"","csco_page_load_nextpost":"","csco_post_video_location":[],"csco_post_video_location_hash":"","csco_post_video_url":"","csco_post_video_bg_start_time":0,"csco_post_video_bg_end_time":0,"footnotes":""},"categories":[9642],"tags":[959],"class_list":{"0":"post-24786","1":"post","2":"type-post","3":"status-publish","4":"format-standard","5":"has-post-thumbnail","7":"category-atl","8":"tag-heads-advertising","9":"cs-entry","10":"cs-video-wrap"},"_links":{"self":[{"href":"https:\/\/mediarun.com\/pl\/wp-json\/wp\/v2\/posts\/24786","targetHints":{"allow":["GET"]}}],"collection":[{"href":"https:\/\/mediarun.com\/pl\/wp-json\/wp\/v2\/posts"}],"about":[{"href":"https:\/\/mediarun.com\/pl\/wp-json\/wp\/v2\/types\/post"}],"author":[{"embeddable":true,"href":"https:\/\/mediarun.com\/pl\/wp-json\/wp\/v2\/users\/1"}],"replies":[{"embeddable":true,"href":"https:\/\/mediarun.com\/pl\/wp-json\/wp\/v2\/comments?post=24786"}],"version-history":[{"count":0,"href":"https:\/\/mediarun.com\/pl\/wp-json\/wp\/v2\/posts\/24786\/revisions"}],"wp:featuredmedia":[{"embeddable":true,"href":"https:\/\/mediarun.com\/pl\/wp-json\/wp\/v2\/media\/24787"}],"wp:attachment":[{"href":"https:\/\/mediarun.com\/pl\/wp-json\/wp\/v2\/media?parent=24786"}],"wp:term":[{"taxonomy":"category","embeddable":true,"href":"https:\/\/mediarun.com\/pl\/wp-json\/wp\/v2\/categories?post=24786"},{"taxonomy":"post_tag","embeddable":true,"href":"https:\/\/mediarun.com\/pl\/wp-json\/wp\/v2\/tags?post=24786"}],"curies":[{"name":"wp","href":"https:\/\/api.w.org\/{rel}","templated":true}]}}