{"id":24446,"date":"2010-08-02T11:58:58","date_gmt":"2010-08-02T09:58:58","guid":{"rendered":"https:\/\/mediarun.com\/index.php\/news-posts\/osaczona-w-tv4\/"},"modified":"2010-08-02T11:58:58","modified_gmt":"2010-08-02T09:58:58","slug":"osaczona-w-tv4","status":"publish","type":"post","link":"https:\/\/mediarun.com\/pl\/media\/tv\/osaczona-w-tv4.html","title":{"rendered":"&#8222;Osaczona&#8221; w TV4"},"content":{"rendered":"<p>&#8222;Osaczona&#8221; to powie\u015b\u0107 o mi\u0142o\u015bci, nienawi\u015bci i zem\u015bcie, dla kt&oacute;rej t\u0142em s\u0105 pe\u0142ne przepychu rezydencje, s\u0142ynne pla\u017ce nad oceanem i ol\u015bniewaj\u0105ce krajobrazy Florydy.<\/p>\n<p>Serial opowiada histori\u0119 matki i c&oacute;rki, kt&oacute;re pad\u0142y ofiar\u0105 rodziny Irazabal&oacute;w. Dwadzie\u015bcia lat temu podst\u0119pna Octavia Irazabal odebra\u0142a Fedorze wszystko co by\u0142o dla niej najcenniejsze: jej dwie ma\u0142e c&oacute;reczki i \u015bwietnie prosperuj\u0105c\u0105 fabryk\u0119 perfum. Sprawi\u0142a te\u017c, \u017ce Fedora sp\u0119dzi\u0142a wiele lat  w wi\u0119zieniu za zbrodni\u0119, kt&oacute;rej nie pope\u0142ni\u0142a. Kiedy Fedora wychodzi na wolno\u015b\u0107, poprzysi\u0119ga sobie, \u017ce odzyska \u017cycie, kt&oacute;rego tak okrutnie pozbawiono j\u0105 przed laty. Fedora nawet nie przypuszcza, \u017ce Irazabalowie stan\u0105 r&oacute;wnie\u017c na drodze do szcz\u0119\u015bcia jej najstarszej c&oacute;rki, 23-letniej Diany.<\/p>\n<p>Premiera &#8222;Osaczonej&#8221; 30 sierpnia br., emisja od poniedzia\u0142ku do pi\u0105tku o godz. 17.00 w Czw&oacute;rce.<\/p>\n","protected":false},"excerpt":{"rendered":"30 sierpnia br. Czw&oacute;rka rozpocznie emisj\u0119 ameryka\u0144skiego serialu &#8222;Osaczona&#8221; (&#8222;Trapped&#8221;\/&#8221;Acorralada&#8221;).","protected":false},"author":1,"featured_media":24447,"comment_status":"open","ping_status":"closed","sticky":false,"template":"","format":"standard","meta":{"csco_display_header_overlay":false,"csco_singular_sidebar":"","csco_page_header_type":"","csco_page_load_nextpost":"","csco_post_video_location":[],"csco_post_video_location_hash":"","csco_post_video_url":"","csco_post_video_bg_start_time":0,"csco_post_video_bg_end_time":0,"footnotes":""},"categories":[9670],"tags":[1162],"class_list":{"0":"post-24446","1":"post","2":"type-post","3":"status-publish","4":"format-standard","5":"has-post-thumbnail","7":"category-tv","8":"tag-czworka","9":"cs-entry","10":"cs-video-wrap"},"_links":{"self":[{"href":"https:\/\/mediarun.com\/pl\/wp-json\/wp\/v2\/posts\/24446","targetHints":{"allow":["GET"]}}],"collection":[{"href":"https:\/\/mediarun.com\/pl\/wp-json\/wp\/v2\/posts"}],"about":[{"href":"https:\/\/mediarun.com\/pl\/wp-json\/wp\/v2\/types\/post"}],"author":[{"embeddable":true,"href":"https:\/\/mediarun.com\/pl\/wp-json\/wp\/v2\/users\/1"}],"replies":[{"embeddable":true,"href":"https:\/\/mediarun.com\/pl\/wp-json\/wp\/v2\/comments?post=24446"}],"version-history":[{"count":0,"href":"https:\/\/mediarun.com\/pl\/wp-json\/wp\/v2\/posts\/24446\/revisions"}],"wp:featuredmedia":[{"embeddable":true,"href":"https:\/\/mediarun.com\/pl\/wp-json\/wp\/v2\/media\/24447"}],"wp:attachment":[{"href":"https:\/\/mediarun.com\/pl\/wp-json\/wp\/v2\/media?parent=24446"}],"wp:term":[{"taxonomy":"category","embeddable":true,"href":"https:\/\/mediarun.com\/pl\/wp-json\/wp\/v2\/categories?post=24446"},{"taxonomy":"post_tag","embeddable":true,"href":"https:\/\/mediarun.com\/pl\/wp-json\/wp\/v2\/tags?post=24446"}],"curies":[{"name":"wp","href":"https:\/\/api.w.org\/{rel}","templated":true}]}}