{"id":24428,"date":"2010-08-02T15:09:10","date_gmt":"2010-08-02T13:09:10","guid":{"rendered":"https:\/\/mediarun.com\/index.php\/news-posts\/wiecej-ekstraklasy-w-canal\/"},"modified":"2010-08-02T15:09:10","modified_gmt":"2010-08-02T13:09:10","slug":"wiecej-ekstraklasy-w-canal","status":"publish","type":"post","link":"https:\/\/mediarun.com\/pl\/media\/tv\/wiecej-ekstraklasy-w-canal.html","title":{"rendered":"Wi\u0119cej Ekstraklasy w Canal+"},"content":{"rendered":"<p>Ka\u017cda ligowa kolejka zaczyna\u0107 si\u0119 b\u0119dzie od pi\u0142karskiego &#8222;Super pi\u0105tku&#8221;. Ju\u017c od 19.20 Cezary Olbrycht zaprosi na nowy magazyn realizowany ze stadionu, na kt&oacute;rym rozgrywany b\u0119dzie mecz zaplanowany na pi\u0105tkowy wiecz&oacute;r. 40-minutowy program po\u0142\u0105czy cechy dotychczasowego magazynu &#8222;Liga gra&#8221; oraz wst\u0119pu do meczu. Kontynuacj\u0105 &#8222;Super pi\u0105tku&#8221; b\u0119dzie rozpoczynaj\u0105ca si\u0119 o 20.00 transmisja ze spotkania. Na zako\u0144czenie obszerne, kilkunastominutowe podsumowanie wydarze\u0144 wieczoru.<\/p>\n<p>W sobotnie popo\u0142udnia transmitowany b\u0119dzie drugi z najwa\u017cniejszych mecz&oacute;w ligowych. Nied\u0142ugo po nim, o 20.30 Canal+ zaprosi na now\u0105, zmienion\u0105 &#8222;Lig\u0119+&#8221;. Od tego sezonu gospodarzem programu b\u0119dzie Rafa\u0142 D\u0119bi\u0144ski. Wraz z zaproszonym ekspertem przeprowadzi bezpo\u015brednie \u0142\u0105czenia z ka\u017cdym stadionem. Obecni na miejscu reporterzy opowiedz\u0105 o przebiegu danego meczu, poka\u017c\u0105 obszerne skr&oacute;ty oraz kulisy spotka\u0144.<\/p>\n<p>W niedziele relacjonowane b\u0119d\u0105 ko\u0144cz\u0105ce ka\u017cd\u0105 kolejk\u0119 rozgrywek mecze. Zwie\u0144czeniem weekendu z Ekstraklas\u0105 b\u0119dzie emitowany zaraz po tych transmisjach magazyn &#8222;Liga+ Extra&#8221;. Tomasz Smokowski i Andrzej Twarowski skomentuj\u0105 wraz z ekspertami wydarzenia ca\u0142ej ligowej kolejki.<\/p>\n<p>Wraz z pocz\u0105tkiem nowego sezonu, wszystkie magazyny sportowe stacji realizowane b\u0119d\u0105 w nowej scenografii studia telewizyjnego Canal+. W ka\u017cdej kolejce nadchodz\u0105cych rozgrywek 3 najwa\u017cniejsze mecze Ekstraklasy relacjonowane b\u0119d\u0105 na \u017cywo w technologii High Definition. Relacje z wszystkich pozosta\u0142ych spotka\u0144 ligowych odbywa\u0107 si\u0119 b\u0119d\u0105 w ramach Klubu Kibica.<\/p>\n<p>Od nowego sezonu ka\u017cdy z ligowych mecz&oacute;w realizowany b\u0119dzie przy wykorzystaniu minimum 13 kamer (do tej pory 12), w tym 3 kamery super slomo (dwufazowe). We wrze\u015bniu wprowadzone zostan\u0105 2 dodatkowe mini kamery umieszczane w bramkach. Na wybranych wydarzeniach ekipa realizacyjna b\u0119dzie zaopatrzona w kolejn\u0105, bardziej zaawansowan\u0105 kamer\u0119 super slomo (trzyfazow\u0105).<\/p>\n","protected":false},"excerpt":{"rendered":"Canal+ wprowadza nowo\u015bci z okazji startu nowego sezonu pi\u0142karskiej Ekstraklasy, kt&oacute;ry rozpocznie si\u0119 w najbli\u017cszy pi\u0105tek.","protected":false},"author":1,"featured_media":24429,"comment_status":"open","ping_status":"closed","sticky":false,"template":"","format":"standard","meta":{"csco_display_header_overlay":false,"csco_singular_sidebar":"","csco_page_header_type":"","csco_page_load_nextpost":"","csco_post_video_location":[],"csco_post_video_location_hash":"","csco_post_video_url":"","csco_post_video_bg_start_time":0,"csco_post_video_bg_end_time":0,"footnotes":""},"categories":[9670],"tags":[518],"class_list":{"0":"post-24428","1":"post","2":"type-post","3":"status-publish","4":"format-standard","5":"has-post-thumbnail","7":"category-tv","8":"tag-canal","9":"cs-entry","10":"cs-video-wrap"},"_links":{"self":[{"href":"https:\/\/mediarun.com\/pl\/wp-json\/wp\/v2\/posts\/24428","targetHints":{"allow":["GET"]}}],"collection":[{"href":"https:\/\/mediarun.com\/pl\/wp-json\/wp\/v2\/posts"}],"about":[{"href":"https:\/\/mediarun.com\/pl\/wp-json\/wp\/v2\/types\/post"}],"author":[{"embeddable":true,"href":"https:\/\/mediarun.com\/pl\/wp-json\/wp\/v2\/users\/1"}],"replies":[{"embeddable":true,"href":"https:\/\/mediarun.com\/pl\/wp-json\/wp\/v2\/comments?post=24428"}],"version-history":[{"count":0,"href":"https:\/\/mediarun.com\/pl\/wp-json\/wp\/v2\/posts\/24428\/revisions"}],"wp:featuredmedia":[{"embeddable":true,"href":"https:\/\/mediarun.com\/pl\/wp-json\/wp\/v2\/media\/24429"}],"wp:attachment":[{"href":"https:\/\/mediarun.com\/pl\/wp-json\/wp\/v2\/media?parent=24428"}],"wp:term":[{"taxonomy":"category","embeddable":true,"href":"https:\/\/mediarun.com\/pl\/wp-json\/wp\/v2\/categories?post=24428"},{"taxonomy":"post_tag","embeddable":true,"href":"https:\/\/mediarun.com\/pl\/wp-json\/wp\/v2\/tags?post=24428"}],"curies":[{"name":"wp","href":"https:\/\/api.w.org\/{rel}","templated":true}]}}