{"id":24054,"date":"2010-08-18T13:10:18","date_gmt":"2010-08-18T11:10:18","guid":{"rendered":"https:\/\/mediarun.com\/index.php\/news-posts\/jesien-w-tvn7-nowe-seriale-i-powtorki\/"},"modified":"2010-08-18T13:10:18","modified_gmt":"2010-08-18T11:10:18","slug":"jesien-w-tvn7-nowe-seriale-i-powtorki","status":"publish","type":"post","link":"https:\/\/mediarun.com\/pl\/media\/tv\/jesien-w-tvn7-nowe-seriale-i-powtorki.html","title":{"rendered":"Jesie\u0144 w TVN7: nowe seriale i powt\u00f3rki"},"content":{"rendered":"<p><strong>Seriale komediowe i obyczajowe<\/strong><\/p>\n<p>Od 1 wrze\u015bnia na antenie TVN7 mo\u017cna b\u0119dzie ogl\u0105da\u0107 serial &#8222;Brzydula&#8221;. Emisja od 1 wrze\u015bnia, w dni powszednie, po dwa odcinki o godz. 17.05 oraz 17.35.<\/p>\n<p>Stacja wyemituje tak\u017ce premierowe odcinki &#8222;Teorii wielkiego podrywu&#8221;. Premiera trzeciej serii zosta\u0142a zaplanowana na 13 wrze\u015bnia, emisja w dni powszednie o godz. 19.35.<\/p>\n<p>W\u015br&oacute;d wrze\u015bniowych premier widzowie TVN7 b\u0119d\u0105 mogli zobaczy\u0107 r&oacute;wnie\u017c emisj\u0119 si&oacute;dmego sezonu &#8222;Dw&oacute;ch i p&oacute;\u0142&#8221;.  Dalszy ci\u0105g perypetii tej specyficznej, m\u0119skiej rodziny ju\u017c od 14 wrze\u015bnia, w dni powszednie o godz. 19.35.<\/p>\n<p>Z kolei na 26 wrze\u015bnia Si&oacute;demka zaplanowa\u0142a premier\u0119 trzeciego sezonu &#8222;Chucka&#8221; (emisja w ka\u017cd\u0105 niedziel\u0119 o godzinie 12.25).<\/p>\n<p>W ramach cyklu &#8222;Seriale komediowe i obyczajowe&#8221; widzowie TVN7 po raz pierwszy b\u0119d\u0105 mogli zobaczy\u0107 &#8222;Wszystkie wcielenia Tary&#8221;.  To historia schizofreniczki \u017cony i matki, projektantki wn\u0119trz, kt&oacute;ra wskutek choroby przybiera bardzo sugestywne, &#8222;odmienne&#8221; stany \u015bwiadomo\u015bci. Tara to de facto cztery osoby. W ko\u0144cu kobieta  zmienn\u0105 jest. Emisja od 8 pa\u017adziernika, w ka\u017cdy pi\u0105tek oko\u0142o godz. 22.05.<\/p>\n<p>W jesiennej ram&oacute;wce Si&oacute;demki pojawi si\u0119 po raz pierwszy &#8222;Ally McBeal&#8221; czyli serial o przebojowej ameryka\u0144skiej prawniczce i jej mi\u0142osnych perypetiach. Emisja od 14 pa\u017adziernika, w dni powszednie o godz. 19.05.<\/p>\n<p><strong><br \/>Seriale sensacyjne<\/strong><\/p>\n<p>Kolejnym pozycj\u0105 tej jesieni b\u0119dzie pasmo &#8222;Seriali sensacyjnych&#8221;. Pierwszego wrze\u015bnia odb\u0119dzie si\u0119 premiera dziewi\u0105tego sezonu serialu &#8222;JAG &#8211; Wojskowe Biuro \u015aledcze&#8221;. Emisja w dni powszednie o godz. 18.05.<\/p>\n<p>Od 20 wrze\u015bnia na antenie TVN7 zago\u015bci premierowa, trzynasta seria serialu o policjantach z drog&oacute;wki, kt&oacute;rzy patroluj\u0105 autostrad\u0119 wiod\u0105c\u0105 ze wschodu na zach&oacute;d Europy. Wartka akcja i kaskaderskie wyczyny to sta\u0142y element ka\u017cdego z odcink&oacute;w serialu &#8222;Kobra: oddzia\u0142 specjalny&#8221;. Emisja w poniedzia\u0142ki o godz. 22.05.<\/p>\n<p>Z kolei 21 wrze\u015bnia odb\u0119dzie si\u0119 premiera czwartego sezonu &#8222;Agent&oacute;w NCIS&#8221;. Serial prezentuje losy grupy agent&oacute;w, kt&oacute;rzy maj\u0105 za zadanie rozwi\u0105zywanie zagadek kryminalnych maj\u0105cych zwi\u0105zek z Marynark\u0105 Wojenn\u0105 i Korpusem Marines.<\/p>\n<p><strong>Premiery filmowe<\/strong><\/p>\n<p>Telewizja TVN7 na nowy sezon przygotowa\u0142a tak\u017ce wiele premier filmowych. W\u015br&oacute;d nich &#8222;Marzyciel&#8221;  &#8211; uhonorowana Oscarem historia genialnego dramaturga; &#8222;Wszystko za \u017cycie&#8221; &#8211; film nagrodzony Z\u0142otym Globem za najlepsz\u0105 muzyk\u0119 wykonan\u0105 przez lidera zespo\u0142u Pearl Jam &#8211; Eddiego Vedera; &#8222;Przez ciemne zwierciad\u0142o&#8221; &#8211; filmowa adaptacja, jednej z najwa\u017cniejszych powie\u015bci Philipa Dicka, przetworzona do postaci filmu animowanego; &#8222;Ukryta strategia&#8221; thriller w rewelacyjnej obsadzie aktorskiej: Tom Cruise, Meryl Streep i Robert Bedford!<\/p>\n<p>&nbsp;<\/p>\n<p><strong>Pasma tematyczne<\/strong><\/p>\n<p>Od wrze\u015bnia widzowie TVN7 b\u0119d\u0105 mogli ogl\u0105da\u0107 wieczorami produkcje pogrupowane w pasma tematyczne takie jak:<\/p>\n<p>&#8222;Wtorkowe Kino Oldskulowe&#8221; &#8211; we wtorki Si&oacute;demka b\u0119dzie przywraca\u0107 blask legendarnym filmom minionych dekad. Tym razem stacja dla widz&oacute;w przygotowa\u0142a oldskulowe kino z Clintem Eastwoodem. W ramach tego pasma stacja wyemituje takie filmy jak: &#8222;Tylko dla or\u0142&oacute;w&#8221;, &#8222;Brudny Harry&#8221;, &#8222;Si\u0142a magnum&#8221;, &#8222;Egzekutor&#8221;.<\/p>\n<p>&#8222;\u015aroda na miar\u0119 Oscara&#8221; &#8211; \u015brody b\u0119d\u0105 zarezerwowane dla najwi\u0119kszych filmowych hit&oacute;w. Prezentowane b\u0119d\u0105 pozycj\u0119 wybitne, obsypane nagrodami na najwa\u017cniejszych festiwalach. W ramach cyklu widzowie zobacz\u0105 m.in. &#8222;Wierny ogrodnik&#8221;, &#8222;Pi\u0119kny umys\u0142&#8221;, &#8222;Przysi\u0119ga&#8221;, &#8222;Dobry Niemiec&#8221;.<\/p>\n<p>&#8222;Sensacyjny Czwartek&#8221; &#8211; w czwartki stacja b\u0119dzie prezentowa\u0142a wyselekcjonowane tytu\u0142y dla wielbicieli mocnych wra\u017ce\u0144; czyli przede wszystkim filmy sensacyjne, kryminalne, policyjne oraz hity kina akcji. W tym pa\u015bmie b\u0119dzie mo\u017cna zobaczy\u0107 m.in. &#8222;W s\u0142usznej sprawie&#8221;, \u015amiertelna wyliczanka&#8221;, &#8222;Frantic&#8221;, &#8222;\u017bona astronauty&#8221;.<\/p>\n<p>&#8222;Czwartkowe Horrory&#8221; &#8211; zanim wybije p&oacute;\u0142noc stacja wyemituje co\u015b dla mi\u0142o\u015bnik&oacute;w mocnych wra\u017ce\u0144, m.in.: &#8222;Adwokat diab\u0142a&#8221;, &#8222;Wywiad z Wampirem&#8221;, &#8222;Oszuka\u0107 przeznaczenie&#8221;.<\/p>\n<p>&#8222;Pi\u0105tkowy Czeski Film&#8221;  &#8211; to nowe pasmo prezentuj\u0105ce najlepsze komedie naszych po\u0142udniowych s\u0105siad&oacute;w m.in. takie jak: &#8222;Guzikowy&#8221;, &#8222;Nied\u017awiadek&#8221;, &#8222;Dzikie pszczo\u0142y&#8221;, &#8222;M\u0119\u017cczyzna idealny&#8221;.<\/p>\n<p>&#8222;Komediowa Sobota&#8221; &#8211;  tradycyjnie sobota w TVN7 to pe\u0142nometra\u017cowe komedie minionych sezon&oacute;w.<\/p>\n<p>&#8222;Niedzielne Hity&#8221; &#8211; w tym pa\u015bmie b\u0119d\u0105 prezentowane kinowe przeboje, filmy akcji, sensacyjne i komediowe na przyk\u0142ad takie jak: &#8222;Matrix&#8221;, &#8222;\u015awi\u0119ty&#8221;, &#8222;W\u0142adca pier\u015bcieni&#8221;.<\/p>\n","protected":false},"excerpt":{"rendered":"Jesieni\u0105 TVN7 przypomni emitowane w TVN seriale, m.in. &#8222;Brzydul\u0119&#8221;. Nowo\u015bci\u0105 w ram&oacute;wce b\u0119dzie &#8222;Ally McBeal&#8221; oraz cykl &#8222;Pi\u0105tkowy Czeski Film&#8221;.","protected":false},"author":1,"featured_media":24055,"comment_status":"open","ping_status":"closed","sticky":false,"template":"","format":"standard","meta":{"csco_display_header_overlay":false,"csco_singular_sidebar":"","csco_page_header_type":"","csco_page_load_nextpost":"","csco_post_video_location":[],"csco_post_video_location_hash":"","csco_post_video_url":"","csco_post_video_bg_start_time":0,"csco_post_video_bg_end_time":0,"footnotes":""},"categories":[9670],"tags":[1366],"class_list":{"0":"post-24054","1":"post","2":"type-post","3":"status-publish","4":"format-standard","5":"has-post-thumbnail","7":"category-tv","8":"tag-tvn7","9":"cs-entry","10":"cs-video-wrap"},"_links":{"self":[{"href":"https:\/\/mediarun.com\/pl\/wp-json\/wp\/v2\/posts\/24054","targetHints":{"allow":["GET"]}}],"collection":[{"href":"https:\/\/mediarun.com\/pl\/wp-json\/wp\/v2\/posts"}],"about":[{"href":"https:\/\/mediarun.com\/pl\/wp-json\/wp\/v2\/types\/post"}],"author":[{"embeddable":true,"href":"https:\/\/mediarun.com\/pl\/wp-json\/wp\/v2\/users\/1"}],"replies":[{"embeddable":true,"href":"https:\/\/mediarun.com\/pl\/wp-json\/wp\/v2\/comments?post=24054"}],"version-history":[{"count":0,"href":"https:\/\/mediarun.com\/pl\/wp-json\/wp\/v2\/posts\/24054\/revisions"}],"wp:featuredmedia":[{"embeddable":true,"href":"https:\/\/mediarun.com\/pl\/wp-json\/wp\/v2\/media\/24055"}],"wp:attachment":[{"href":"https:\/\/mediarun.com\/pl\/wp-json\/wp\/v2\/media?parent=24054"}],"wp:term":[{"taxonomy":"category","embeddable":true,"href":"https:\/\/mediarun.com\/pl\/wp-json\/wp\/v2\/categories?post=24054"},{"taxonomy":"post_tag","embeddable":true,"href":"https:\/\/mediarun.com\/pl\/wp-json\/wp\/v2\/tags?post=24054"}],"curies":[{"name":"wp","href":"https:\/\/api.w.org\/{rel}","templated":true}]}}