{"id":23988,"date":"2010-08-19T22:15:37","date_gmt":"2010-08-19T20:15:37","guid":{"rendered":"https:\/\/mediarun.com\/index.php\/news-posts\/nowe-uslugi-w-vectrze-wideo\/"},"modified":"2010-08-19T22:15:37","modified_gmt":"2010-08-19T20:15:37","slug":"nowe-uslugi-w-vectrze-wideo","status":"publish","type":"post","link":"https:\/\/mediarun.com\/pl\/media\/tv\/nowe-uslugi-w-vectrze-wideo.html","title":{"rendered":"Nowe us\u0142ugi w Vectrze (wideo)"},"content":{"rendered":"<p>Vectra uruchamia mobilny internet z 10 dniowym okresem bezp\u0142atnego testowania. Do 128 Mb\/s wzrasta pr\u0119dko\u015b\u0107 dost\u0119pu do internetu stacjonarnego w us\u0142udze Flashnet. Dodatkowo we wrze\u015bniu Vectra udost\u0119pni nowe kana\u0142y HD dla odbiorc&oacute;w telewizji cyfrowej.<\/p>\n<p>Vectra uruchomi\u0142a us\u0142ug\u0119 internetu bezprzewodowego jako operator MVNO, wykorzystuj\u0105c infrastruktur\u0119 telekomunikacyjn\u0105 operatora kom&oacute;rkowego P4. Us\u0142uga dost\u0119pna jest w czterech pakietach: 1, 2, 4 i 10 GB okre\u015blaj\u0105cych ilo\u015b\u0107 wysy\u0142anych i pobieranych danych. Po wykorzystaniu pakietu, u\u017cytkownik mo\u017ce do\u0142adowa\u0107 swoje konto.<\/p>\n<p>W ka\u017cdym pakiecie pr\u0119dko\u015b\u0107 pobierania i wysy\u0142ania danych jest jednakowa i wynosi odpowiednio 1 Mb\/s i 384 kb\/s. W specjalnej ofercie dla abonent&oacute;w Vectry us\u0142uga dost\u0119pna b\u0119dzie za 19,90 z\u0142. Abonent, zanim zdecyduje si\u0119 na mobilny internet Vectry, mo\u017ce go testowa\u0107 przez 10 dni za darmo, bez konsekwencji w przypadku rezygnacji. Korzystanie z us\u0142ugi mobilnego internetu Vectry jest mo\u017cliwe na terenie ca\u0142ej Polski i pokrywa si\u0119 z zasi\u0119giem sieci P4.<\/p>\n<p>Nowo\u015bci\u0105 w Vectrze jest r&oacute;wnie\u017c nowa pr\u0119dko\u015b\u0107 dost\u0119pu do internetu oferowanego drog\u0105 kablow\u0105. Us\u0142uga Flashnet 64 Mb\/s w Taryfie Nocnej osi\u0105ga 128 Mb\/s. Us\u0142uga pocz\u0105tkowo b\u0119dzie oferowana w 6 miastach: Kielce, Legnica, S\u0142upsk, Pi\u0142a, Warszawa i Zabrze. We wrze\u015bniu zostanie rozszerzona o Elbl\u0105g, Olsztyn, Radom i Wroc\u0142aw, a docelowo o kolejne sieci, gdzie firma \u015bwiadczy swoje us\u0142ugi. Abonenci internetu stacjonarnego, kt&oacute;rzy zakupi\u0105 dodatkowo internet mobilny, otrzymaj\u0105 za darmo zwielokrotnion\u0105 pr\u0119dko\u015b\u0107 dost\u0119pu do internetu tradycyjnego.<\/p>\n<p>&#8211; Wiemy, \u017ce klienci Vectry potrzebuj\u0105 r&oacute;wnie\u017c nowoczesnego dost\u0119pu do internetu tak\u017ce poza domem, dlatego zdecydowali\u015bmy si\u0119 wprowadzi\u0107 do naszej oferty Internet Mobilny &#8211; m&oacute;wi Agnieszka G&oacute;rska, dyrektor marketingu Vectry.<\/p>\n<p>Od 1 wrze\u015bnia Vectra wzbogaca r&oacute;wnie\u017c ofert\u0119 kana\u0142&oacute;w HD. \u0141\u0105cznie Vectra b\u0119dzie udost\u0119pnia\u0107 16 program&oacute;w w wysokiej rozdzielczo\u015bci. Z tej liczby 10 b\u0119dzie sk\u0142adnikiem Pakietu Platynowego telewizji cyfrowej, dost\u0119pnych w ramach standardowego abonamentu bez dodatkowych op\u0142at.<\/p>\n<p>Od wrze\u015bnia rusza te\u017c nowa kampania reklamowa Vectry zrealizowana we wsp&oacute;\u0142pracy z agencjami BBDO oraz Platige Image. Re\u017cyseri\u0119 spot&oacute;w telewizyjnych powierzono Tomaszowi Bagi\u0144skiemu, tw&oacute;rcy nominowanej do Oscara &#8222;Katedry&#8221;. Reklamy b\u0119d\u0105 emitowane w telewizjach og&oacute;lnopolskich, tematycznych, w kinach, na no\u015bnikach reklamy zewn\u0119trznej oraz w internecie oraz w kinach w jako\u015bci 3D. Za planowanie i zakup medi&oacute;w odpowiada dom mediowy Mediacom. Po stronie Vectry osob\u0105 odpowiedzialn\u0105 jest Ma\u0142gorzata Czajka.<\/p>\n","protected":false},"excerpt":{"rendered":"23 sierpnia rusza kampania promocyjna nowych produkt&oacute;w Vectry.","protected":false},"author":1,"featured_media":23989,"comment_status":"open","ping_status":"closed","sticky":false,"template":"","format":"standard","meta":{"csco_display_header_overlay":false,"csco_singular_sidebar":"","csco_page_header_type":"","csco_page_load_nextpost":"","csco_post_video_location":[],"csco_post_video_location_hash":"","csco_post_video_url":"","csco_post_video_bg_start_time":0,"csco_post_video_bg_end_time":0,"footnotes":""},"categories":[9670],"tags":[688],"class_list":{"0":"post-23988","1":"post","2":"type-post","3":"status-publish","4":"format-standard","5":"has-post-thumbnail","7":"category-tv","8":"tag-vectra","9":"cs-entry","10":"cs-video-wrap"},"_links":{"self":[{"href":"https:\/\/mediarun.com\/pl\/wp-json\/wp\/v2\/posts\/23988","targetHints":{"allow":["GET"]}}],"collection":[{"href":"https:\/\/mediarun.com\/pl\/wp-json\/wp\/v2\/posts"}],"about":[{"href":"https:\/\/mediarun.com\/pl\/wp-json\/wp\/v2\/types\/post"}],"author":[{"embeddable":true,"href":"https:\/\/mediarun.com\/pl\/wp-json\/wp\/v2\/users\/1"}],"replies":[{"embeddable":true,"href":"https:\/\/mediarun.com\/pl\/wp-json\/wp\/v2\/comments?post=23988"}],"version-history":[{"count":0,"href":"https:\/\/mediarun.com\/pl\/wp-json\/wp\/v2\/posts\/23988\/revisions"}],"wp:featuredmedia":[{"embeddable":true,"href":"https:\/\/mediarun.com\/pl\/wp-json\/wp\/v2\/media\/23989"}],"wp:attachment":[{"href":"https:\/\/mediarun.com\/pl\/wp-json\/wp\/v2\/media?parent=23988"}],"wp:term":[{"taxonomy":"category","embeddable":true,"href":"https:\/\/mediarun.com\/pl\/wp-json\/wp\/v2\/categories?post=23988"},{"taxonomy":"post_tag","embeddable":true,"href":"https:\/\/mediarun.com\/pl\/wp-json\/wp\/v2\/tags?post=23988"}],"curies":[{"name":"wp","href":"https:\/\/api.w.org\/{rel}","templated":true}]}}