{"id":23882,"date":"2010-08-24T16:45:36","date_gmt":"2010-08-24T14:45:36","guid":{"rendered":"https:\/\/mediarun.com\/index.php\/news-posts\/adamek-o-poranku\/"},"modified":"2010-08-24T16:45:36","modified_gmt":"2010-08-24T14:45:36","slug":"adamek-o-poranku","status":"publish","type":"post","link":"https:\/\/mediarun.com\/pl\/media\/tv\/adamek-o-poranku.html","title":{"rendered":"Adamek o poranku"},"content":{"rendered":"<p>ogl\u0105da\u0142o \u015brednio 813 tys. widz&oacute;w (udzia\u0142y 56%) &#8211; wynika z danych TNS OBOP.<\/p>\n<p>Walk\u0119 \u015bledzili w zdecydowanej wi\u0119kszo\u015bci m\u0119\u017cczy\u017ani, kt&oacute;rzy stanowili 76% widowni.<\/p>\n<p>Zdaniem TNS OBOP pojedynek przyci\u0105gn\u0105\u0142 mniej widz&oacute;w ni\u017c ostatnie starcia Adamka z 2010 roku: z Areol\u0105 (25.04.2010, Polsat, godz. 6:17), kt&oacute;re \u015bledzi\u0142o \u015brednio 991 tys. oraz z Estrad\u0105 (07.02.2010, Polsat, godz. 4:01), kt&oacute;re przyci\u0105gn\u0119\u0142o \u015brednio 1,3 mln sympatyk&oacute;w boksu.<\/p>\n<p>Z kolei powt&oacute;rk\u0119 walki Adamek &#8211; Grant, emitowan\u0105 w Polsacie tego samego dnia o godzinie 16:48 ogl\u0105da\u0142o \u015brednio 793 tys. widz&oacute;w (udzia\u0142y 11%).<\/p>\n<p>W\u015br&oacute;d widowni retransmisji 12,5% stanowi\u0142y osoby, kt&oacute;re zdecydowa\u0142y si\u0119 jeszcze raz obejrze\u0107 pojedynek.<\/p>\n","protected":false},"excerpt":{"rendered":"W niedzielny poranek walk\u0119 boksersk\u0105 w kategorii ci\u0119\u017ckiej (Polsat, godzina 5:06), w kt&oacute;rej zwyci\u0119stwo nad Michaelem Grantem odni&oacute;s\u0142 Tomasz Adamek&#8230;","protected":false},"author":1,"featured_media":23883,"comment_status":"open","ping_status":"closed","sticky":false,"template":"","format":"standard","meta":{"csco_display_header_overlay":false,"csco_singular_sidebar":"","csco_page_header_type":"","csco_page_load_nextpost":"","csco_post_video_location":[],"csco_post_video_location_hash":"","csco_post_video_url":"","csco_post_video_bg_start_time":0,"csco_post_video_bg_end_time":0,"footnotes":""},"categories":[9670],"tags":[1392],"class_list":{"0":"post-23882","1":"post","2":"type-post","3":"status-publish","4":"format-standard","5":"has-post-thumbnail","7":"category-tv","8":"tag-tns-obop","9":"cs-entry","10":"cs-video-wrap"},"_links":{"self":[{"href":"https:\/\/mediarun.com\/pl\/wp-json\/wp\/v2\/posts\/23882","targetHints":{"allow":["GET"]}}],"collection":[{"href":"https:\/\/mediarun.com\/pl\/wp-json\/wp\/v2\/posts"}],"about":[{"href":"https:\/\/mediarun.com\/pl\/wp-json\/wp\/v2\/types\/post"}],"author":[{"embeddable":true,"href":"https:\/\/mediarun.com\/pl\/wp-json\/wp\/v2\/users\/1"}],"replies":[{"embeddable":true,"href":"https:\/\/mediarun.com\/pl\/wp-json\/wp\/v2\/comments?post=23882"}],"version-history":[{"count":0,"href":"https:\/\/mediarun.com\/pl\/wp-json\/wp\/v2\/posts\/23882\/revisions"}],"wp:featuredmedia":[{"embeddable":true,"href":"https:\/\/mediarun.com\/pl\/wp-json\/wp\/v2\/media\/23883"}],"wp:attachment":[{"href":"https:\/\/mediarun.com\/pl\/wp-json\/wp\/v2\/media?parent=23882"}],"wp:term":[{"taxonomy":"category","embeddable":true,"href":"https:\/\/mediarun.com\/pl\/wp-json\/wp\/v2\/categories?post=23882"},{"taxonomy":"post_tag","embeddable":true,"href":"https:\/\/mediarun.com\/pl\/wp-json\/wp\/v2\/tags?post=23882"}],"curies":[{"name":"wp","href":"https:\/\/api.w.org\/{rel}","templated":true}]}}