{"id":23878,"date":"2010-08-24T16:55:32","date_gmt":"2010-08-24T14:55:32","guid":{"rendered":"https:\/\/mediarun.com\/index.php\/news-posts\/jesienne-nowosci-w-tvs-wideo\/"},"modified":"2010-08-24T16:55:32","modified_gmt":"2010-08-24T14:55:32","slug":"jesienne-nowosci-w-tvs-wideo","status":"publish","type":"post","link":"https:\/\/mediarun.com\/pl\/media\/tv\/jesienne-nowosci-w-tvs-wideo.html","title":{"rendered":"Jesienne nowo\u015bci w TVS (wideo)"},"content":{"rendered":"<p>&#8222;Pasi&oacute;n Morena&#8221; to historia m\u0142odej projektantki mody, kt&oacute;ra na dwa dni przed \u015blubem zastaje swojego ukochanego w \u0142&oacute;\u017cku z inna kobiet\u0105. Zraniona, ucieka do dzikiego Chiapas, gdzie czeka na ni\u0105&#8230;nie tylko nowa mi\u0142o\u015b\u0107. Wyprodukowany na prze\u0142omie lat 2009\/2010 serial, kupiony zosta\u0142 od meksyka\u0144skiej wytw&oacute;rni telewizyjnej TV Azteca. &#8222;Pasi&oacute;n Morena&#8221; od poniedzia\u0142ku do pi\u0105tku o godz. 16.35.<\/p>\n<p>&#8222;Muzyczny weekend&#8221; to program, gdzie nie zabraknie \u015bl\u0105skich przeboj&oacute;w, ale tak\u017ce muzyki disco. W tym programie widzowie b\u0119d\u0105 mogli r&oacute;wnie\u017c zobaczy\u0107 relacje z wybranych koncert&oacute;w odbywaj\u0105cych si\u0119 na \u015al\u0105sku. &#8222;Muzyczny weekend&#8221; w soboty o godz. 20.25 i niedziele o godz. 15.20.<\/p>\n<p>Sobotnie wieczory to z kolei zapowied\u017a mocnych wra\u017ce\u0144, a to za spraw\u0105 seansu &#8222;Super film TVS&#8221;, w kt&oacute;rym widzowie zobacz\u0105 kino sensacyjne, thrillery i horrory, ale tak\u017ce komedie i filmy obyczajowe. &#8222;Super film TVS&#8221; w soboty o godz. 22.00.<\/p>\n<p>Do ram&oacute;wki, po wakacyjnej przerwie, wracaj\u0105 &#8222;\u015aniadanie polityczne&#8221; (w soboty o godz. 10.00) i &#8222;IV w\u0142adza&#8221; (w niedziele o godz. 09.55) &#8211; programy publicystyczne przygotowywane i prowadzone przez Marka Czy\u017ca.<\/p>\n<p>Od 1 wrze\u015bnia zmianie ulega pora emisji g\u0142&oacute;wnego wydania Silesia Informacji. Silesia Informacje o godz. 17.45 i 20.00.<\/p>\n<p>W ram&oacute;wce pozostaj\u0105 &#8222;Najzabawniejsze video \u015bwiata&#8221;, &#8222;Bajkowa TVS&#8221; a tak\u017ce &#8222;Pami\u0119tnik czerwonego pantofelka&#8221;.<\/p>\n","protected":false},"excerpt":{"rendered":"We wrze\u015bniu TVS zaprasza na meksyka\u0144sk\u0105 telenowel\u0119 pt. &#8222;Pasi&oacute;n Morena&#8221;, program &#8222;Muzyczny weekend&#8221; oraz cykl &#8222;Super film TVS&#8221;.","protected":false},"author":1,"featured_media":23879,"comment_status":"open","ping_status":"closed","sticky":false,"template":"","format":"standard","meta":{"csco_display_header_overlay":false,"csco_singular_sidebar":"","csco_page_header_type":"","csco_page_load_nextpost":"","csco_post_video_location":[],"csco_post_video_location_hash":"","csco_post_video_url":"","csco_post_video_bg_start_time":0,"csco_post_video_bg_end_time":0,"footnotes":""},"categories":[9670],"tags":[980,1287],"class_list":{"0":"post-23878","1":"post","2":"type-post","3":"status-publish","4":"format-standard","5":"has-post-thumbnail","7":"category-tv","8":"tag-ramowka","9":"tag-tvs","10":"cs-entry","11":"cs-video-wrap"},"_links":{"self":[{"href":"https:\/\/mediarun.com\/pl\/wp-json\/wp\/v2\/posts\/23878","targetHints":{"allow":["GET"]}}],"collection":[{"href":"https:\/\/mediarun.com\/pl\/wp-json\/wp\/v2\/posts"}],"about":[{"href":"https:\/\/mediarun.com\/pl\/wp-json\/wp\/v2\/types\/post"}],"author":[{"embeddable":true,"href":"https:\/\/mediarun.com\/pl\/wp-json\/wp\/v2\/users\/1"}],"replies":[{"embeddable":true,"href":"https:\/\/mediarun.com\/pl\/wp-json\/wp\/v2\/comments?post=23878"}],"version-history":[{"count":0,"href":"https:\/\/mediarun.com\/pl\/wp-json\/wp\/v2\/posts\/23878\/revisions"}],"wp:featuredmedia":[{"embeddable":true,"href":"https:\/\/mediarun.com\/pl\/wp-json\/wp\/v2\/media\/23879"}],"wp:attachment":[{"href":"https:\/\/mediarun.com\/pl\/wp-json\/wp\/v2\/media?parent=23878"}],"wp:term":[{"taxonomy":"category","embeddable":true,"href":"https:\/\/mediarun.com\/pl\/wp-json\/wp\/v2\/categories?post=23878"},{"taxonomy":"post_tag","embeddable":true,"href":"https:\/\/mediarun.com\/pl\/wp-json\/wp\/v2\/tags?post=23878"}],"curies":[{"name":"wp","href":"https:\/\/api.w.org\/{rel}","templated":true}]}}