{"id":23874,"date":"2010-08-24T21:33:33","date_gmt":"2010-08-24T19:33:33","guid":{"rendered":"https:\/\/mediarun.com\/index.php\/news-posts\/jagielski-przeszedl-z-tvn-do-dwojki\/"},"modified":"2010-08-24T21:33:33","modified_gmt":"2010-08-24T19:33:33","slug":"jagielski-przeszedl-z-tvn-do-dwojki","status":"publish","type":"post","link":"https:\/\/mediarun.com\/pl\/media\/tv\/jagielski-przeszedl-z-tvn-do-dwojki.html","title":{"rendered":"Jagielski przeszed\u0142 z TVN do Dw\u00f3jki"},"content":{"rendered":"<p>Wojciech Jagielski w TVN prowadzi\u0142 program \u015bniadaniowy &#8222;Dzie\u0144 dobry TVN&#8221;. Teraz, wraz z Beat\u0105 Sadowsk\u0105, b\u0119dzie gospodarzem programu \u015bniadaniowego Dw&oacute;jki. Widzowie zobacz\u0105 ten duet w &#8222;Pytaniu na \u015bniadanie&#8221; ju\u017c 3 wrze\u015bnia.<\/p>\n<p>Jagielski m&oacute;wi, \u017ce do powrotu sk\u0142oni\u0142a go mo\u017cliwo\u015b\u0107 prowadzenia dw&oacute;ch program&oacute;w. &#8211; Uwa\u017cam te\u017c, \u017ce Dw&oacute;jka jest jedynym programem, kt&oacute;ry jest w stanie konkurowa\u0107 z TVN &#8211; dodaje dziennikarz.<\/p>\n<p>Od prowadzenia &#8222;Pytania na \u015bniadanie&#8221; zostanie odsuni\u0119ty Jaros\u0142aw Budnik, kt&oacute;ry do\u0142\u0105czy do grona sta\u0142ych komentator&oacute;w &#8222;Bitej \u015amietanki Towarzyskiej&#8221; (sta\u0142ego cyklu, emitowanego w ramach &#8222;Pytania na \u015bniadanie&#8221;).<\/p>\n<p>Ponadto, Jagielski poprowadzi nowy teleturniej TVP2 &#8222;Wielka draka o dzieciaka&#8221;. W czterech rundach programu rodzice b\u0119d\u0105 musieli przewidzie\u0107, jak post\u0105pi ich dziecko, co zrobi w niezwyk\u0142ej dla siebie sytuacji, co powie, czy da sobie rad\u0119 z nietypowym zadaniem. Rodzice w ci\u0105gu 60 sekund b\u0119d\u0105 musieli poprawnie odpowiedzie\u0107 na jak najwi\u0119cej pyta\u0144. Szkopu\u0142 w tym, \u017ce pytania wcze\u015bniej zosta\u0142y zadane ich dziecku. Premiera programu 18 wrze\u015bnia o godz. 19.00, emisja w soboty.<\/p>\n","protected":false},"excerpt":{"rendered":"Wojciech Jagielski wraca do TVP. Do\u0142\u0105czy do ekipy prowadz\u0105cych &#8222;Pytanie na \u015bniadanie&#8221; i poprowadzi teleturniej &#8222;Wielka draka o dzieciaka&#8221;.","protected":false},"author":1,"featured_media":23875,"comment_status":"open","ping_status":"closed","sticky":false,"template":"","format":"standard","meta":{"csco_display_header_overlay":false,"csco_singular_sidebar":"","csco_page_header_type":"","csco_page_load_nextpost":"","csco_post_video_location":[],"csco_post_video_location_hash":"","csco_post_video_url":"","csco_post_video_bg_start_time":0,"csco_post_video_bg_end_time":0,"footnotes":""},"categories":[9670],"tags":[610],"class_list":{"0":"post-23874","1":"post","2":"type-post","3":"status-publish","4":"format-standard","5":"has-post-thumbnail","7":"category-tv","8":"tag-tvp2","9":"cs-entry","10":"cs-video-wrap"},"_links":{"self":[{"href":"https:\/\/mediarun.com\/pl\/wp-json\/wp\/v2\/posts\/23874","targetHints":{"allow":["GET"]}}],"collection":[{"href":"https:\/\/mediarun.com\/pl\/wp-json\/wp\/v2\/posts"}],"about":[{"href":"https:\/\/mediarun.com\/pl\/wp-json\/wp\/v2\/types\/post"}],"author":[{"embeddable":true,"href":"https:\/\/mediarun.com\/pl\/wp-json\/wp\/v2\/users\/1"}],"replies":[{"embeddable":true,"href":"https:\/\/mediarun.com\/pl\/wp-json\/wp\/v2\/comments?post=23874"}],"version-history":[{"count":0,"href":"https:\/\/mediarun.com\/pl\/wp-json\/wp\/v2\/posts\/23874\/revisions"}],"wp:featuredmedia":[{"embeddable":true,"href":"https:\/\/mediarun.com\/pl\/wp-json\/wp\/v2\/media\/23875"}],"wp:attachment":[{"href":"https:\/\/mediarun.com\/pl\/wp-json\/wp\/v2\/media?parent=23874"}],"wp:term":[{"taxonomy":"category","embeddable":true,"href":"https:\/\/mediarun.com\/pl\/wp-json\/wp\/v2\/categories?post=23874"},{"taxonomy":"post_tag","embeddable":true,"href":"https:\/\/mediarun.com\/pl\/wp-json\/wp\/v2\/tags?post=23874"}],"curies":[{"name":"wp","href":"https:\/\/api.w.org\/{rel}","templated":true}]}}