{"id":23844,"date":"2010-08-25T15:58:15","date_gmt":"2010-08-25T13:58:15","guid":{"rendered":"https:\/\/mediarun.com\/index.php\/news-posts\/co-na-jesien-przygotowaly-kanaly-tematyczne-tvp\/"},"modified":"2010-08-25T15:58:15","modified_gmt":"2010-08-25T13:58:15","slug":"co-na-jesien-przygotowaly-kanaly-tematyczne-tvp","status":"publish","type":"post","link":"https:\/\/mediarun.com\/pl\/media\/tv\/co-na-jesien-przygotowaly-kanaly-tematyczne-tvp.html","title":{"rendered":"Co na jesie\u0144\u00a0przygotowa\u0142y kana\u0142y tematyczne TVP?"},"content":{"rendered":"<p><span style=\"text-decoration: underline;\"><strong>TVP Kultura<\/strong><\/span><\/p>\n<p>Jesieni\u0105 TVP Kultura zaprasza na przegl\u0105d film&oacute;w kina ameryka\u0144skiego &#8211; w programie pojawi\u0105 si\u0119 nie tylko prze\u0142omowe filmy lat 90-tych takie jak: &#8222;Zagubiona autostrada&#8221;  Lyncha i &#8222;Nagi lunch&#8221; Cronenberga, ale tak\u017ce najwi\u0119ksze gwiazdy: Jack Nicholson, Jodie Foster, Steve Mc Queen, Dustin Hoffman, Glenn Close i inni.<\/p>\n<p>Stacja poka\u017ce tak\u017ce Konkurs Chopinowski. TVP Kultura przygotowuje transmisje ze wszystkich przes\u0142ucha\u0144 konkursowych. Wyst\u0119py 81 pianist&oacute;w z ca\u0142ego \u015bwiata, 130 godzin emisji przez 20 dni (od 2 do 21 pa\u017adziernika), rozmowy ze znawcami pianistyki, gor\u0105ce komentarze, sylwetki uczestnik&oacute;w, reakcje publiczno\u015bci &#8211; to wszystko znajdzie si\u0119 antenie TVP Kultura jesieni\u0105.<\/p>\n<p>Ponadto, TVP Kultura odkrywa nieznane kinematografie: gruzi\u0144sk\u0105, szwedzk\u0105, w\u0119giersk\u0105 i rosyjsk\u0105.<\/p>\n<p><span style=\"text-decoration: underline;\"><strong>TVP Historia<\/strong><\/span><\/p>\n<p>Jesieni\u0105 TVP Historia zaprasza widz&oacute;w na nowe pasmo film&oacute;w dokumentalnych &#8222;Niezale\u017cne kino bia\u0142oruskie&#8221;. W ka\u017cd\u0105 sobot\u0119 o godz. 22.00 widzowie b\u0119d\u0105 mogli obejrze\u0107 premierowe emisje film&oacute;w dokumentalnych zrealizowanych przez dziennikarzy i re\u017cyser&oacute;w TVP Bie\u0142sat.<\/p>\n<p>Nowo\u015bci\u0105 b\u0119d\u0105 tak\u017ce codzienne emisje archiwalnych wyda\u0144 &#8222;Dziennika Telewizyjnego&#8221; &#8211; g\u0142&oacute;wnego programu informacyjnego w czasach PRL (codziennie, o godz. 8.00 i 23.30). Ostatni DTV zosta\u0142 nadany 17 listopada 1989 r. i zast\u0105piony przez &#8222;Wiadomo\u015bci&#8221; TVP1. Dziennik Telewizyjny by\u0142 podstawowym narz\u0119dziem propagandy w\u0142adz PRL i PZPR. W archiwum TVP zachowa\u0142y si\u0119 niekompletne wydania DTV z lat 1983-1989.<\/p>\n<p>TVP Historia poka\u017ce r&oacute;wnie\u017c cykl &#8222;Kino m\u0142odych&#8221; &#8211; prezentacj\u0119 etiud filmowych zrealizowanych przez student&oacute;w polskich szk&oacute;\u0142 filmowych (w ka\u017cd\u0105 sobot\u0119 o godz. 20.00)<\/p>\n<p><span style=\"text-decoration: underline;\"><strong>TVP Info<\/strong><\/span><\/p>\n<p>TVP Info to przede wszystkim aktualno\u015bci z kraju i ze \u015bwiata: bie\u017c\u0105ce informacje w serwisach co p&oacute;\u0142 godziny, rozmowy z go\u015b\u0107mi komentuj\u0105cymi wydarzenia dnia, informacje gospodarcze, prognoza pogody i wiadomo\u015bci sportowe.<\/p>\n<p>Ram&oacute;wka stacji informacyjnej TVP nadal b\u0119dzie sk\u0142ada\u0142a si\u0119 z 3 pasm:<br \/>&#8211; &#8222;Poranek TVP Info&#8221; &#8211; pasmo  informacyjno-komentatorskim, nadawane w godz. 6.00-11.00 od poniedzia\u0142ku do soboty<br \/>&#8211; &#8222;Info Dzie\u0144&#8221; &#8211; pasmo informacyjno-komentatorskie, nadawane od poniedzia\u0142ku do pi\u0105tku w godz. 11.00-17.00<br \/>&#8211; &#8222;Wiecz&oacute;r TVP Info&#8221; od godz. 20.00 do 24.00, w kt&oacute;rym znajduj\u0105 si\u0119  m.in &#8222;Serwisy Info&#8221;, &#8222;Min\u0119\u0142a Dwudziesta&#8221;, &#8222;Forum&#8221;, &#8222;Telekurier&#8221;, &#8222;Sportowy wiecz&oacute;r&#8221; oraz &#8222;Plus Minus&#8221;.<\/p>\n<p>Nie zabraknie program&oacute;w publicystycznych: &#8222;Antysalon Ziemkiewicza&#8221; (niedziela, godz. 10.00), &#8222;Tydzie\u0144 Jacka \u017bakowskiego&#8221; (niedziela, godz. 20.00), &#8222;M\u0142odzie\u017c Kontra&#8221; (niedziela, godz. 20.50), &#8222;Debata Europejska&#8221; (sobota, godz.13.00, 1 raz w miesi\u0105cu), &#8222;Debata Tr&oacute;jstronna&#8221; (sobota, godz.13.00, 2 razy w miesi\u0105cu, wymiennie z &#8222;Debat\u0105 Europejsk\u0105&#8221;), &#8222;Studio Wsch&oacute;d&#8221; (sobota, godz.16.00), &#8222;Telenowyny&#8221; (sobota, godz.13.00, 1 raz w miesi\u0105cu).<\/p>\n<p><span style=\"text-decoration: underline;\"><strong>TVP Polonia<\/strong><\/span><\/p>\n<p>W\u015br&oacute;d nowo\u015bci warto wymieni\u0107 program informacyjny &#8222;Polska24 Informacje&#8221;, emitowany w poniedzia\u0142ki i czwartki o godz. 21.05. We wtorki o 21.05 TVP Polonia zaprasza na &#8222;Polska24 Opinie&#8221; &#8211; nowy program informacyjno-publicystyczny, a w nim przegl\u0105d wydarze\u0144 w kraju i za granic\u0105 z ostatniego tygodnia z satyrycznym komentarzem.<\/p>\n<p>W TVP Polonia jesieni\u0105 b\u0119dzie mo\u017cna tak\u017ce obejrze\u0107 najnowsze seriale wsp&oacute;\u0142produkowane przez TVP: &#8222;Blondynka&#8221;, &#8222;Ma\u0142a Moskwa&#8221;, &#8222;Sprawiedliwi. Ponadto w jesiennej ofercie TVP Polonia pojawi si\u0119 serial &#8222;Ojciec Mateusz&#8221; z Arturem \u017bmijewskim w roli g\u0142&oacute;wnej;  &#8222;Londy\u0144czycy&#8221; i &#8222;Londy\u0144czycy 2&#8221; oraz &#8222;Nowa&#8221;.<\/p>\n<p>TVP Polonia jesieni\u0105 zaprasza tak\u017ce na premierowe odcinki seriali: &#8222;M jak mi\u0142o\u015b\u0107&#8221;, &#8222;Barwy szcz\u0119\u015bcia&#8221;, &#8222;Z\u0142otopolscy&#8221; czy &#8222;Egzamin  z \u017cycia&#8221; i kultowe komedie: &#8222;Sami swoi&#8221;, &#8222;Nie ma mocnych&#8221;, &#8222;Kochaj albo rzu\u0107&#8221;  oraz filmy w cyklu Kino Mistrz&oacute;w: &#8222;D\u0142ug&#8221;, &#8222;Plac Zbawiciela&#8221;, &#8222;Pianista&#8221;.<\/p>\n<p>Najwa\u017cniejsze premiery rozrywkowe TVP Polonia to &#8222;Kulturalni&#8221; &#8211; program, kt&oacute;ry zaprasza do udzia\u0142u w imprezach rozrywkowych i sportowych; &#8222;Gra w miasta&#8221; &#8211; teleturniej turystyczno-krajoznawczy poszerzaj\u0105cy wiedz\u0119 o Polsce; &#8222;Szko\u0142a polska&#8221; &#8211; weryfikacja wiedzy na temat Polski w podr&oacute;\u017cy po Polsce.<\/p>\n<p><span style=\"text-decoration: underline;\"><strong>TVP Sport<\/strong><\/span><\/p>\n<p>Jesienna oferta programowa TVP Sport zapowiada si\u0119 emocjonuj\u0105co. Najwi\u0119kszym wydarzeniem b\u0119d\u0105 mecze pi\u0142karskiej reprezentacji Polski. Kadra budowana przez Franciszka Smud\u0119 pod k\u0105tem EURO 2012 rozegra cztery spotkania &#8211; dwa w Polsce i dwa poza jej granicami. Uzupe\u0142nieniem oferty futbolowej b\u0119d\u0105 mecze Ekstraklasy i I ligi.<\/p>\n<p>Na antenie TVP Sport: we wrze\u015bniu i pa\u017adzierniku odb\u0119d\u0105 si\u0119 kluczowe spotkania CenterNet Speedway Ekstraligi (dodatkowo zostanie pokazany fina\u0142 Indywidualnych Mistrzostw Polski na \u017cu\u017clu), a zmagania rozpoczn\u0105 przedstawiciele Tauron Basket Ligi, Polskiej Ligi Koszyk&oacute;wki Kobiet i Polskiej Ligi Hokejowej.<\/p>\n<p>Nie zabraknie tak\u017ce relacji z imprez mistrzowskich w dyscyplinach olimpijskich: mistrzostw Europy w wio\u015blarstwie, mistrzostw \u015bwiata w kolarstwie g&oacute;rskim a tak\u017ce mistrzostw \u015bwiata w koszyk&oacute;wce.<\/p>\n<p>Na prze\u0142omie listopada i grudnia ruszaj\u0105 natomiast cykle Pucharu \u015awiata w najwa\u017cniejszych dla Polak&oacute;w dyscyplinach zimowych: skokach narciarskich (Adam Ma\u0142ysz), biegach (Justyna Kowalczyk) i biathlonie (Tomasz Sikora).<\/p>\n<p><span style=\"text-decoration: underline;\"><strong>TVP HD<\/strong><\/span><\/p>\n<p>Na zam&oacute;wienie TVP systematycznie powstaj\u0105 kolejne rekonstrukcje cyfrowe arcydzie\u0142 filmowych. 5 wrze\u015bnia o godz. 20.10 pokazany b\u0119dzie &#8222;Pianista&#8221; Romana Pola\u0144skiego.<\/p>\n<p>TVP HD, razem z telewizyjn\u0105 Jedynk\u0105 poka\u017ce nowe seriale &#8222;Mi\u0142o\u015b\u0107 nad rozlewiskiem&#8221; &#8211; kontynuacj\u0119 &#8222;Domu nad rozlewiskiem&#8221; z Joann\u0105 Brodzik, Ma\u0142gorzat\u0105 Braunek i Olg\u0105 Frycz, &#8222;Ratownik&oacute;w&#8221; z Bogus\u0142awem Lind\u0105 oraz pilot serialu &#8222;1920. Bia\u0142o-czerwone&#8221;.<\/p>\n<p>Ponadto, symultanicznie z TVP1 i TVP2, TVP HD wyemituje nowe odcinki popularnych seriali i program&oacute;w: &#8222;Ojciec Mateusz&#8221;, &#8222;Dr. House&#8221;, &#8222;Czas honoru III&#8221;, &#8222;Na dobre i na z\u0142e&#8221;, teleturniej &#8222;Gilotyna&#8221; oraz &#8222;Co wiecie o kabarecie&#8221;.<\/p>\n<p>Wa\u017cn\u0105 pozycj\u0119 w ram&oacute;wce TVP HD b\u0119dzie zajmowa\u0142 sport. Widzowie obejrz\u0105 mi\u0119dzy innymi relacj\u0119 w standardzie High Definition z meczu reprezentacji Polski w pi\u0142ce no\u017cnej: 4 wrze\u015bnia Polska &#8211; Ukraina.<\/p>\n","protected":false},"excerpt":{"rendered":"TVP Kultura, TVP Historia, TVP Info, TVP Polonia, TVP Sport oraz TVP HD przedstawi\u0142y swoje jesienne ram&oacute;wki.","protected":false},"author":1,"featured_media":23845,"comment_status":"open","ping_status":"closed","sticky":false,"template":"","format":"standard","meta":{"csco_display_header_overlay":false,"csco_singular_sidebar":"","csco_page_header_type":"","csco_page_load_nextpost":"","csco_post_video_location":[],"csco_post_video_location_hash":"","csco_post_video_url":"","csco_post_video_bg_start_time":0,"csco_post_video_bg_end_time":0,"footnotes":""},"categories":[9670],"tags":[392,1365,1195,700,514],"class_list":{"0":"post-23844","1":"post","2":"type-post","3":"status-publish","4":"format-standard","5":"has-post-thumbnail","7":"category-tv","8":"tag-tvp","9":"tag-tvp-historia","10":"tag-tvp-info","11":"tag-tvp-kultura","12":"tag-tvp-sport","13":"cs-entry","14":"cs-video-wrap"},"_links":{"self":[{"href":"https:\/\/mediarun.com\/pl\/wp-json\/wp\/v2\/posts\/23844","targetHints":{"allow":["GET"]}}],"collection":[{"href":"https:\/\/mediarun.com\/pl\/wp-json\/wp\/v2\/posts"}],"about":[{"href":"https:\/\/mediarun.com\/pl\/wp-json\/wp\/v2\/types\/post"}],"author":[{"embeddable":true,"href":"https:\/\/mediarun.com\/pl\/wp-json\/wp\/v2\/users\/1"}],"replies":[{"embeddable":true,"href":"https:\/\/mediarun.com\/pl\/wp-json\/wp\/v2\/comments?post=23844"}],"version-history":[{"count":0,"href":"https:\/\/mediarun.com\/pl\/wp-json\/wp\/v2\/posts\/23844\/revisions"}],"wp:featuredmedia":[{"embeddable":true,"href":"https:\/\/mediarun.com\/pl\/wp-json\/wp\/v2\/media\/23845"}],"wp:attachment":[{"href":"https:\/\/mediarun.com\/pl\/wp-json\/wp\/v2\/media?parent=23844"}],"wp:term":[{"taxonomy":"category","embeddable":true,"href":"https:\/\/mediarun.com\/pl\/wp-json\/wp\/v2\/categories?post=23844"},{"taxonomy":"post_tag","embeddable":true,"href":"https:\/\/mediarun.com\/pl\/wp-json\/wp\/v2\/tags?post=23844"}],"curies":[{"name":"wp","href":"https:\/\/api.w.org\/{rel}","templated":true}]}}