{"id":23830,"date":"2010-08-26T12:02:05","date_gmt":"2010-08-26T10:02:05","guid":{"rendered":"https:\/\/mediarun.com\/index.php\/news-posts\/kuchnia-tv-zapowiada-smakowita-jesien\/"},"modified":"2010-08-26T12:02:05","modified_gmt":"2010-08-26T10:02:05","slug":"kuchnia-tv-zapowiada-smakowita-jesien","status":"publish","type":"post","link":"https:\/\/mediarun.com\/pl\/media\/tv\/kuchnia-tv-zapowiada-smakowita-jesien.html","title":{"rendered":"Kuchnia.tv zapowiada smakowit\u0105 jesie\u0144"},"content":{"rendered":"<p>seria kulinarna brytyjskiej modelki Sophie Dahl (na zdj\u0119ciu) oraz polski teleturniej z udzia\u0142em gwiazd &#8222;Ugotowani, czyli bitwa na no\u017ce i widelce&#8221;.<\/p>\n<p>&#8211; W Kuchni.tv stawiamy na r&oacute;\u017cnorodno\u015b\u0107. Proponujemy pe\u0142en wachlarz program&oacute;w, kt&oacute;rych tematem przewodnim s\u0105 kulinaria, ale podane w rozmaitej formie i na r&oacute;\u017cne sposoby. W ram&oacute;wce Kuchni.tv widzowie znajd\u0105 programy poradnikowe, serie kulinarno-podr&oacute;\u017cnicze, filmy dokumentalne, fabu\u0142y a tak\u017ce formaty rozrywkowe. Hitami tej jesieni s\u0105 z pewno\u015bci\u0105 &#8222;Apetyczna panna Dahl&#8221; i nasza produkcja &#8222;Ugotowani, czyli bitwa na no\u017ce i widelce&#8221; &#8211; m&oacute;wi Ma\u0142gorzata Seck, dyrektor zarz\u0105dzaj\u0105ca Kuchni.tv.<\/p>\n<p>&#8222;Ugotowani, czyli bitwa na no\u017ce i widelce&#8221; to teleturniej kulinarny zrealizowany na licencji RDF Rights. W programie pojawi\u0105 si\u0119 m.in. Hanna Baku\u0142a, Weronika Marczuk, Lidia Popiel, Piotr Najsztub i Micha\u0142 Pir&oacute;g. Gospodarzem programu jest dziennikarz Antyradia Pawe\u0142 Loroch. Teleturniej zago\u015bci na antenie stacji od 9 pa\u017adziernika.<\/p>\n<p>W\u015br&oacute;d polskich nowo\u015bci w jesiennej ram&oacute;wce znajdzie si\u0119 m.in. druga seria &#8222;\u0141&#8217;apetytu&#8221; Grzegorza \u0141apanowskiego, kt&oacute;ry prezentuje zdrow\u0105 i nowoczesn\u0105 kuchni\u0119. Mi\u0142o\u015bnikom w\u0142oskich smak&oacute;w, a zw\u0142aszcza makaron&oacute;w, spodoba si\u0119 &#8222;Mammaryla al dente&#8221; &#8211; seria Maryli Musid\u0142owskiej, znanej dziennikarki kulinarnej. Stacja zaprosi te\u017c widz&oacute;w do wzi\u0119cia udzia\u0142u w konkursie &#8222;Inspiracje&#8221;, kt&oacute;rego finali\u015bci b\u0119d\u0105 mieli szans\u0119 zaprezentowa\u0107 przed kamer\u0105 swoje przepisy.<\/p>\n<p>W\u015br&oacute;d program&oacute;w zagranicznych, kt&oacute;re jesieni\u0105 zagoszcz\u0105 na antenie Kuchni.tv warto zwr&oacute;ci\u0107 uwag\u0119 na &#8222;Apetyczn\u0105 pann\u0119 Dahl&#8221; &#8211; seria rozpali\u0142a wielkie emocje na rodzimym brytyjskim rynku, za spraw\u0105 gospodyni Sophie Dahl, modelki kochaj\u0105cej jedzenie, kt&oacute;r\u0105 por&oacute;wnuje si\u0119 do Nigelli Lawson. Premiera 11 wrze\u015bnia.<\/p>\n<p>Od 18 wrze\u015bnia widzowie b\u0119d\u0105 mogli zobaczy\u0107 polsk\u0105 premier\u0119 najnowszej serii s\u0142ynnego Jamiego Olivera &#8211; &#8222;Kulinarne wyprawy Jamiego&#8221;. Nowo\u015bci\u0105 b\u0119dzie te\u017c seria &#8222;Bitchin&#8217; Kitchen&#8221;. Widzowie zobacz\u0105 r&oacute;wnie\u017c najnowsz\u0105, pi\u0105t\u0105 seri\u0119 codziennego show Marthy Stewart (od 17.09), programy poradnikowe: &#8222;Medycyna z kuchni&#8221; (od 20.09) i &#8222;Kulinarne safari&#8221; (od 06.09) oraz filmy dokumentalne m.in. &#8222;Czy sprawiedliwy handel jest sprawiedliwy&#8221; (1.09).<\/p>\n","protected":false},"excerpt":{"rendered":"Od wrze\u015bnia startuje nowa, jesienna ram&oacute;wka Kuchni.tv, a w niej kilkana\u015bcie nowych format&oacute;w, w tym najnowszy program Jamiego Olivera&#8230;","protected":false},"author":1,"featured_media":23831,"comment_status":"open","ping_status":"closed","sticky":false,"template":"","format":"standard","meta":{"csco_display_header_overlay":false,"csco_singular_sidebar":"","csco_page_header_type":"","csco_page_load_nextpost":"","csco_post_video_location":[],"csco_post_video_location_hash":"","csco_post_video_url":"","csco_post_video_bg_start_time":0,"csco_post_video_bg_end_time":0,"footnotes":""},"categories":[9670],"tags":[669],"class_list":{"0":"post-23830","1":"post","2":"type-post","3":"status-publish","4":"format-standard","5":"has-post-thumbnail","7":"category-tv","8":"tag-kuchnia","9":"cs-entry","10":"cs-video-wrap"},"_links":{"self":[{"href":"https:\/\/mediarun.com\/pl\/wp-json\/wp\/v2\/posts\/23830","targetHints":{"allow":["GET"]}}],"collection":[{"href":"https:\/\/mediarun.com\/pl\/wp-json\/wp\/v2\/posts"}],"about":[{"href":"https:\/\/mediarun.com\/pl\/wp-json\/wp\/v2\/types\/post"}],"author":[{"embeddable":true,"href":"https:\/\/mediarun.com\/pl\/wp-json\/wp\/v2\/users\/1"}],"replies":[{"embeddable":true,"href":"https:\/\/mediarun.com\/pl\/wp-json\/wp\/v2\/comments?post=23830"}],"version-history":[{"count":0,"href":"https:\/\/mediarun.com\/pl\/wp-json\/wp\/v2\/posts\/23830\/revisions"}],"wp:featuredmedia":[{"embeddable":true,"href":"https:\/\/mediarun.com\/pl\/wp-json\/wp\/v2\/media\/23831"}],"wp:attachment":[{"href":"https:\/\/mediarun.com\/pl\/wp-json\/wp\/v2\/media?parent=23830"}],"wp:term":[{"taxonomy":"category","embeddable":true,"href":"https:\/\/mediarun.com\/pl\/wp-json\/wp\/v2\/categories?post=23830"},{"taxonomy":"post_tag","embeddable":true,"href":"https:\/\/mediarun.com\/pl\/wp-json\/wp\/v2\/tags?post=23830"}],"curies":[{"name":"wp","href":"https:\/\/api.w.org\/{rel}","templated":true}]}}