{"id":23552,"date":"2010-09-05T20:03:29","date_gmt":"2010-09-05T18:03:29","guid":{"rendered":"https:\/\/mediarun.com\/index.php\/news-posts\/nowi-pracownicy-w-iab-polska\/"},"modified":"2015-03-17T12:08:17","modified_gmt":"2015-03-17T12:08:17","slug":"nowi-pracownicy-w-iab-polska","status":"publish","type":"post","link":"https:\/\/mediarun.com\/pl\/ludzie\/kariera\/nowi-pracownicy-w-iab-polska.html","title":{"rendered":"Nowi pracownicy w IAB Polska"},"content":{"rendered":"<p>Stanowisko dyrektora ds. koordynacji dzia\u0142a\u0144 prawnych obj\u0105\u0142 Piotr Waglowski. W IAB Polska b\u0119dzie odpowiedzialny za przygotowanie i koordynacj\u0119 dzia\u0142a\u0144 legislacyjnych.<\/p>\n<p>Stanowisko mened\u017cera ds. bada\u0144 w IAB Polska obj\u0105\u0142 Pawe\u0142 Kolenda. W IAB b\u0119dzie odpowiedzialny za prowadzenie projekt&oacute;w oraz wsparcie merytoryczne w obszarach badawczych (m.in. IAB AdEx &amp; CreativeEx).<\/p>\n<p>Do zespo\u0142u IAB Polska do\u0142\u0105czy\u0142 tak\u017ce Artur Stachowiak, kt&oacute;ry obj\u0105\u0142 stanowisko koordynatora ds. komunikacji. B\u0119dzie odpowiedzialny za dzia\u0142ania public relations i komunikacj\u0119 wewn\u0119trzn\u0105 dla cz\u0142onk&oacute;w zarz\u0105du i Rady Nadzorczej IAB Polska.<\/p>\n","protected":false},"excerpt":{"rendered":"Z pocz\u0105tkiem wrze\u015bnia br. do zespo\u0142u pracownik&oacute;w Zwi\u0105zku Pracodawc&oacute;w Bran\u017cy Internetowej IAB Polska do\u0142\u0105czy\u0142o 3 nowych specjalist&oacute;w.","protected":false},"author":1,"featured_media":23553,"comment_status":"open","ping_status":"closed","sticky":false,"template":"","format":"standard","meta":{"csco_display_header_overlay":false,"csco_singular_sidebar":"","csco_page_header_type":"","csco_page_load_nextpost":"","csco_post_video_location":[],"csco_post_video_location_hash":"","csco_post_video_url":"","csco_post_video_bg_start_time":0,"csco_post_video_bg_end_time":0,"footnotes":""},"categories":[5909],"tags":[137],"class_list":{"0":"post-23552","1":"post","2":"type-post","3":"status-publish","4":"format-standard","5":"has-post-thumbnail","7":"category-kariera","8":"tag-iab","9":"cs-entry","10":"cs-video-wrap"},"_links":{"self":[{"href":"https:\/\/mediarun.com\/pl\/wp-json\/wp\/v2\/posts\/23552","targetHints":{"allow":["GET"]}}],"collection":[{"href":"https:\/\/mediarun.com\/pl\/wp-json\/wp\/v2\/posts"}],"about":[{"href":"https:\/\/mediarun.com\/pl\/wp-json\/wp\/v2\/types\/post"}],"author":[{"embeddable":true,"href":"https:\/\/mediarun.com\/pl\/wp-json\/wp\/v2\/users\/1"}],"replies":[{"embeddable":true,"href":"https:\/\/mediarun.com\/pl\/wp-json\/wp\/v2\/comments?post=23552"}],"version-history":[{"count":0,"href":"https:\/\/mediarun.com\/pl\/wp-json\/wp\/v2\/posts\/23552\/revisions"}],"wp:featuredmedia":[{"embeddable":true,"href":"https:\/\/mediarun.com\/pl\/wp-json\/wp\/v2\/media\/23553"}],"wp:attachment":[{"href":"https:\/\/mediarun.com\/pl\/wp-json\/wp\/v2\/media?parent=23552"}],"wp:term":[{"taxonomy":"category","embeddable":true,"href":"https:\/\/mediarun.com\/pl\/wp-json\/wp\/v2\/categories?post=23552"},{"taxonomy":"post_tag","embeddable":true,"href":"https:\/\/mediarun.com\/pl\/wp-json\/wp\/v2\/tags?post=23552"}],"curies":[{"name":"wp","href":"https:\/\/api.w.org\/{rel}","templated":true}]}}