{"id":23110,"date":"2010-09-20T16:54:45","date_gmt":"2010-09-20T14:54:45","guid":{"rendered":"https:\/\/mediarun.com\/index.php\/news-posts\/walka-najman-saleta-hitem-gali-ksw\/"},"modified":"2010-09-20T16:54:45","modified_gmt":"2010-09-20T14:54:45","slug":"walka-najman-saleta-hitem-gali-ksw","status":"publish","type":"post","link":"https:\/\/mediarun.com\/pl\/media\/tv\/walka-najman-saleta-hitem-gali-ksw.html","title":{"rendered":"Walka Najman &#8211; Saleta hitem gali KSW"},"content":{"rendered":"<p>Najwi\u0119ksze zainteresowanie wzbudzi\u0142 pojedynek Marcina Najmana i Przemys\u0142awa Salety.<\/p>\n<p>Zmagania zawodnik&oacute;w na antenie Polsatu i Polsatu Sport (emisja w sobot\u0119 18 wrze\u015bnia w godz. 20.00 &#8211; 00.37) ogl\u0105da\u0142o \u015brednio 3,6 mln widz&oacute;w, co da\u0142o obu antenom wynik na poziomie 32,06 proc. w grupie 16-49 i 29,77 proc. w grupie 4+ oraz fotel lidera wieczornego pasma.<\/p>\n<p>Drugie miejsce w tym czasie antenowym nale\u017ca\u0142o do telewizji TVN, kt&oacute;ra przyci\u0105gn\u0119\u0142a przed telewizory \u015brednio 2,9 mln widz&oacute;w, 23,45 proc. widowni (m.in. &#8222;Uwaga&#8221;, &#8222;Mam talent&#8221;, pasmo filmowe). Pierwsz\u0105 tr&oacute;jk\u0119 uzupe\u0142ni\u0142a Jedynka z 14,98 proc. udzia\u0142u w rynku, 1,8 mln widz&oacute;w (pasmo filmowe: m.in &#8222;Opowie\u015bci z Narnii&#8221;, &#8222;Zab&oacute;jczy szept&#8221;). Dw&oacute;jka zdoby\u0142a 1,5 mln widz&oacute;w, 11,91 proc. udzia\u0142u w rynku (m.in. &#8222;Kocham ci\u0119 Polsko &#8211; kulisy&#8221;, &#8222;Laskowik &amp; Malicki&#8221;).<\/p>\n<p>Najwi\u0119cej, bo 4,4 mln widz&oacute;w na obu antenach \u015bledzi\u0142o walk\u0119 Marcina Najmana i Przemys\u0142awa Salety. Najwy\u017csze udzia\u0142y Polsat i Polsat Sport osi\u0105gn\u0119\u0142y w ostatniej cz\u0119\u015bci gali KSW, kiedy podczas walki wieczoru stoczonej mi\u0119dzy Mariuszem Pudzianowskim a Erickiem &#8222;Butterbeanem&#8221; Esch&#8217;em stacje mia\u0142y \u0142\u0105cznie ponad 55 proc. udzia\u0142&oacute;w w grupie komercyjnej 16-49 i 62 proc. w\u015br&oacute;d m\u0119\u017cczyzn.<\/p>\n","protected":false},"excerpt":{"rendered":"Podczas sobotniej XIV Konfrontacji Sztuk Walki telewizja Polsat by\u0142a liderem pasma.","protected":false},"author":1,"featured_media":23111,"comment_status":"open","ping_status":"closed","sticky":false,"template":"","format":"standard","meta":{"csco_display_header_overlay":false,"csco_singular_sidebar":"","csco_page_header_type":"","csco_page_load_nextpost":"","csco_post_video_location":[],"csco_post_video_location_hash":"","csco_post_video_url":"","csco_post_video_bg_start_time":0,"csco_post_video_bg_end_time":0,"footnotes":""},"categories":[9670],"tags":[1083,1113,97],"class_list":{"0":"post-23110","1":"post","2":"type-post","3":"status-publish","4":"format-standard","5":"has-post-thumbnail","7":"category-tv","8":"tag-nielsen-audience-measurement","9":"tag-ogladalnosc","10":"tag-polsat","11":"cs-entry","12":"cs-video-wrap"},"_links":{"self":[{"href":"https:\/\/mediarun.com\/pl\/wp-json\/wp\/v2\/posts\/23110","targetHints":{"allow":["GET"]}}],"collection":[{"href":"https:\/\/mediarun.com\/pl\/wp-json\/wp\/v2\/posts"}],"about":[{"href":"https:\/\/mediarun.com\/pl\/wp-json\/wp\/v2\/types\/post"}],"author":[{"embeddable":true,"href":"https:\/\/mediarun.com\/pl\/wp-json\/wp\/v2\/users\/1"}],"replies":[{"embeddable":true,"href":"https:\/\/mediarun.com\/pl\/wp-json\/wp\/v2\/comments?post=23110"}],"version-history":[{"count":0,"href":"https:\/\/mediarun.com\/pl\/wp-json\/wp\/v2\/posts\/23110\/revisions"}],"wp:featuredmedia":[{"embeddable":true,"href":"https:\/\/mediarun.com\/pl\/wp-json\/wp\/v2\/media\/23111"}],"wp:attachment":[{"href":"https:\/\/mediarun.com\/pl\/wp-json\/wp\/v2\/media?parent=23110"}],"wp:term":[{"taxonomy":"category","embeddable":true,"href":"https:\/\/mediarun.com\/pl\/wp-json\/wp\/v2\/categories?post=23110"},{"taxonomy":"post_tag","embeddable":true,"href":"https:\/\/mediarun.com\/pl\/wp-json\/wp\/v2\/tags?post=23110"}],"curies":[{"name":"wp","href":"https:\/\/api.w.org\/{rel}","templated":true}]}}