{"id":23006,"date":"2010-09-22T21:52:29","date_gmt":"2010-09-22T19:52:29","guid":{"rendered":"https:\/\/mediarun.com\/index.php\/news-posts\/iab-polska-ma-nowy-zarzad\/"},"modified":"2015-03-17T12:08:05","modified_gmt":"2015-03-17T12:08:05","slug":"iab-polska-ma-nowy-zarzad","status":"publish","type":"post","link":"https:\/\/mediarun.com\/pl\/ludzie\/kariera\/iab-polska-ma-nowy-zarzad.html","title":{"rendered":"IAB Polska ma nowy zarz\u0105d"},"content":{"rendered":"<p>Prezesem zarz\u0105du mianowany zosta\u0142 ponownie Piotr Kowalczyk z Grupy Onet.pl. Na kolejne kadencje wybrani zostali tak\u017ce: Jakub Szcze\u015bniak (Interia.pl), Szymon Szmigiel (Wirtualna Polska) oraz Maciej Wicha (Agora).<\/p>\n<p>W gronie cz\u0142onk&oacute;w zarz\u0105du pojawi\u0142y si\u0119 trzy nowe osoby: Ma\u0142gorzata Lakowska (ARBOmedia), Jaros\u0142aw Rawicki (Redefine) oraz Krzysztof Sobieszek (Nasza Klasa).<\/p>\n","protected":false},"excerpt":{"rendered":"Rada Nadzorcza Zwi\u0105zku Pracodawc&oacute;w Bran\u017cy Internetowej IAB Polska wybra\u0142a cz\u0142onk&oacute;w nowego zarz\u0105du zwi\u0105zku.","protected":false},"author":1,"featured_media":23007,"comment_status":"open","ping_status":"closed","sticky":false,"template":"","format":"standard","meta":{"csco_display_header_overlay":false,"csco_singular_sidebar":"","csco_page_header_type":"","csco_page_load_nextpost":"","csco_post_video_location":[],"csco_post_video_location_hash":"","csco_post_video_url":"","csco_post_video_bg_start_time":0,"csco_post_video_bg_end_time":0,"footnotes":""},"categories":[5909],"tags":[137],"class_list":{"0":"post-23006","1":"post","2":"type-post","3":"status-publish","4":"format-standard","5":"has-post-thumbnail","7":"category-kariera","8":"tag-iab","9":"cs-entry","10":"cs-video-wrap"},"_links":{"self":[{"href":"https:\/\/mediarun.com\/pl\/wp-json\/wp\/v2\/posts\/23006","targetHints":{"allow":["GET"]}}],"collection":[{"href":"https:\/\/mediarun.com\/pl\/wp-json\/wp\/v2\/posts"}],"about":[{"href":"https:\/\/mediarun.com\/pl\/wp-json\/wp\/v2\/types\/post"}],"author":[{"embeddable":true,"href":"https:\/\/mediarun.com\/pl\/wp-json\/wp\/v2\/users\/1"}],"replies":[{"embeddable":true,"href":"https:\/\/mediarun.com\/pl\/wp-json\/wp\/v2\/comments?post=23006"}],"version-history":[{"count":0,"href":"https:\/\/mediarun.com\/pl\/wp-json\/wp\/v2\/posts\/23006\/revisions"}],"wp:featuredmedia":[{"embeddable":true,"href":"https:\/\/mediarun.com\/pl\/wp-json\/wp\/v2\/media\/23007"}],"wp:attachment":[{"href":"https:\/\/mediarun.com\/pl\/wp-json\/wp\/v2\/media?parent=23006"}],"wp:term":[{"taxonomy":"category","embeddable":true,"href":"https:\/\/mediarun.com\/pl\/wp-json\/wp\/v2\/categories?post=23006"},{"taxonomy":"post_tag","embeddable":true,"href":"https:\/\/mediarun.com\/pl\/wp-json\/wp\/v2\/tags?post=23006"}],"curies":[{"name":"wp","href":"https:\/\/api.w.org\/{rel}","templated":true}]}}