{"id":22786,"date":"2010-10-03T21:50:38","date_gmt":"2010-10-03T19:50:38","guid":{"rendered":"https:\/\/mediarun.com\/index.php\/news-posts\/wprost-przywraca-nagrody-kisiela\/"},"modified":"2010-10-03T21:50:38","modified_gmt":"2010-10-03T19:50:38","slug":"wprost-przywraca-nagrody-kisiela","status":"publish","type":"post","link":"https:\/\/mediarun.com\/pl\/media\/prasa\/wprost-przywraca-nagrody-kisiela.html","title":{"rendered":"Wprost przywraca Nagrody Kisiela"},"content":{"rendered":"<p>W najnowszym numerze tygodnika, w najbli\u017cszy poniedzia\u0142ek, uka\u017ce si\u0119 list Jerzego Kisielewskiego, syna patrona nagrody.<\/p>\n<p>Do ko\u0144ca roku tygodnik b\u0119dzie publikowa\u0142 materia\u0142y po\u015bwi\u0119cone Stefanowi Kisielewskiemu &#8211; felietoni\u015bcie, pisarzowi i kompozytorowi, a tak\u017ce wspomnienia laureat&oacute;w Nagrody Kisiela.<\/p>\n<p>Jednocze\u015bnie na stronie internetowej <a href=\"http:\/\/www.wprost.pl\/kisiel\" target=\"_blank\" rel=\"noopener\">www.wprost.pl\/kisiel<\/a> ju\u017c od tego tygodnia mo\u017cna przeczyta\u0107 wybrane felietony Kisiela. Teksty pojawiaj\u0105 si\u0119 w poniedzia\u0142ki, \u015brody i pi\u0105tki &#8211; do ko\u0144ca roku Wprost przypomni 29 felieton&oacute;w wybranych przez Jerzego Kisielewskiego.<\/p>\n<p>&#8211; W 2011 roku minie 100 lat od urodzin Stefana Kisielewskiego. To znakomita okazja, aby nie tylko wr&oacute;ci\u0107 do tradycji przyznawania nagr&oacute;d Kisiela, ale r&oacute;wnie\u017c aby przypomnie\u0107, a m\u0142odszym czytelnikom &#8211; komentuje Micha\u0142 M. Lisiecki, prezes Platformy Mediowej Point Group, wydawcy tygodnika Wprost.<\/p>\n<p>Lisiecki dodaje, \u017ce starania o przywr&oacute;cenie nagrody trwa\u0142y od momentu zakupu tygodnika. Obecnie zmierzaj\u0105 do pozytywnego fina\u0142u &#8211; w listopadzie tradycyjnie zbierze si\u0119 Kapitu\u0142a Nagrody Kisiela, a na pocz\u0105tku grudnia poznamy laureat&oacute;w w trzech kategoriach: przedsi\u0119biorca, publicysta i ekonomista.<\/p>\n","protected":false},"excerpt":{"rendered":"Tygodnik Wprost powraca do przyznawania Nagr&oacute;d Kisiela.","protected":false},"author":1,"featured_media":22787,"comment_status":"open","ping_status":"closed","sticky":false,"template":"","format":"standard","meta":{"csco_display_header_overlay":false,"csco_singular_sidebar":"","csco_page_header_type":"","csco_page_load_nextpost":"","csco_post_video_location":[],"csco_post_video_location_hash":"","csco_post_video_url":"","csco_post_video_bg_start_time":0,"csco_post_video_bg_end_time":0,"footnotes":""},"categories":[9673],"tags":[348],"class_list":{"0":"post-22786","1":"post","2":"type-post","3":"status-publish","4":"format-standard","5":"has-post-thumbnail","7":"category-prasa","8":"tag-wprost","9":"cs-entry","10":"cs-video-wrap"},"_links":{"self":[{"href":"https:\/\/mediarun.com\/pl\/wp-json\/wp\/v2\/posts\/22786","targetHints":{"allow":["GET"]}}],"collection":[{"href":"https:\/\/mediarun.com\/pl\/wp-json\/wp\/v2\/posts"}],"about":[{"href":"https:\/\/mediarun.com\/pl\/wp-json\/wp\/v2\/types\/post"}],"author":[{"embeddable":true,"href":"https:\/\/mediarun.com\/pl\/wp-json\/wp\/v2\/users\/1"}],"replies":[{"embeddable":true,"href":"https:\/\/mediarun.com\/pl\/wp-json\/wp\/v2\/comments?post=22786"}],"version-history":[{"count":0,"href":"https:\/\/mediarun.com\/pl\/wp-json\/wp\/v2\/posts\/22786\/revisions"}],"wp:featuredmedia":[{"embeddable":true,"href":"https:\/\/mediarun.com\/pl\/wp-json\/wp\/v2\/media\/22787"}],"wp:attachment":[{"href":"https:\/\/mediarun.com\/pl\/wp-json\/wp\/v2\/media?parent=22786"}],"wp:term":[{"taxonomy":"category","embeddable":true,"href":"https:\/\/mediarun.com\/pl\/wp-json\/wp\/v2\/categories?post=22786"},{"taxonomy":"post_tag","embeddable":true,"href":"https:\/\/mediarun.com\/pl\/wp-json\/wp\/v2\/tags?post=22786"}],"curies":[{"name":"wp","href":"https:\/\/api.w.org\/{rel}","templated":true}]}}