{"id":22762,"date":"2010-10-04T13:05:28","date_gmt":"2010-10-04T11:05:28","guid":{"rendered":"https:\/\/mediarun.com\/index.php\/news-posts\/the-social-network-zarabia-miliony-wideo\/"},"modified":"2015-01-13T01:29:06","modified_gmt":"2015-01-13T01:29:06","slug":"the-social-network-zarabia-miliony-wideo","status":"publish","type":"post","link":"https:\/\/mediarun.com\/pl\/digital\/social-media\/the-social-network-zarabia-miliony-wideo.html","title":{"rendered":"&#8222;The Social Network&#8221; zarabia miliony (wideo)"},"content":{"rendered":"<p>&#8222;The Social Network&#8221; opowiada histori\u0119 za\u0142o\u017cyciela najpopularniejszego portalu spo\u0142eczno\u015bciowego na \u015bwiecie.&nbsp;Scenariusz powsta\u0142 na podstawie ksi\u0105\u017cki &#8222;The Accidental Billionaires: The Founding of Facebook, a Tale of Sex, Money, Genius and Betraya&#8221; autorstwa Bena Mezricha.<\/p>\n<p>Film w ci\u0105gu trzech dni od premiery zarobi\u0142 23 miliony dolar&oacute;w, dzi\u0119ki czemu bez problemu zaj\u0105\u0142 pierwsze miejsce w ameryka\u0144skim zestawieniu box office.<\/p>\n<p>O &#8222;The Social Network&#8221; bardzo przychylnie wypowiadaj\u0105 si\u0119 r&oacute;wnie\u017c krytycy. Magazyn Rolling Stone stwierdzi\u0142, \u017ce film &#8222;definiuje nasz\u0105 dekad\u0119&#8221;, New York Times opisuje go, jako &#8222;niesamowicie zabawny, radosnym niepokoj\u0105cy&#8221;, a tygodnik Variety okresli\u0142 Davida Finchera &#8222;kronikarzem naszych czas&oacute;w&#8221;.<\/p>\n<p>Sami tw&oacute;rcy filmu twierdz\u0105, \u017ce jest to &#8222;czarna komedia pe\u0142na smakowitych, pikantnych szczeg&oacute;\u0142ow&#8221;. David Fincher (Siedem&#8221;, &#8222;Podziemny kr\u0105g&#8221;) w jednym z wywiad&oacute;w przyzna\u0142, \u017ce ekranowy Mark Zuckerberg wypada jak &#8222;nieomal autystyczny \u0142ajdak&#8221;.<\/p>\n<p>W g\u0142&oacute;wnych rolach w filmie wyst\u0105pili Jesse Eisenberg i Justin Timberlake. Autorem \u015bcie\u017cki d\u017awi\u0119kowej do filmu jest Trent Reznor, lider zespo\u0142u Nine Inch Nails.<\/p>\n<p>Polska premiera &#8222;The Social Network&#8221; planowana jest na 15 pa\u017adziernika.<\/p>\n","protected":false},"excerpt":{"rendered":"Film Davida Finchera opowiadaj\u0105cy o kulisach powstania Facebooka w ci\u0105gu pierwszych 3 dni wy\u015bwietlania w USA zarobi\u0142 23 mln dolar&oacute;w. Polska premiera 15 pa\u017adziernika.","protected":false},"author":1,"featured_media":22763,"comment_status":"open","ping_status":"closed","sticky":false,"template":"","format":"standard","meta":{"csco_display_header_overlay":false,"csco_singular_sidebar":"","csco_page_header_type":"","csco_page_load_nextpost":"","csco_post_video_location":[],"csco_post_video_location_hash":"","csco_post_video_url":"","csco_post_video_bg_start_time":0,"csco_post_video_bg_end_time":0,"footnotes":""},"categories":[47,20],"tags":[5171],"class_list":{"0":"post-22762","1":"post","2":"type-post","3":"status-publish","4":"format-standard","5":"has-post-thumbnail","7":"category-inne","8":"category-social-media","9":"tag-filmweb","10":"cs-entry","11":"cs-video-wrap"},"_links":{"self":[{"href":"https:\/\/mediarun.com\/pl\/wp-json\/wp\/v2\/posts\/22762","targetHints":{"allow":["GET"]}}],"collection":[{"href":"https:\/\/mediarun.com\/pl\/wp-json\/wp\/v2\/posts"}],"about":[{"href":"https:\/\/mediarun.com\/pl\/wp-json\/wp\/v2\/types\/post"}],"author":[{"embeddable":true,"href":"https:\/\/mediarun.com\/pl\/wp-json\/wp\/v2\/users\/1"}],"replies":[{"embeddable":true,"href":"https:\/\/mediarun.com\/pl\/wp-json\/wp\/v2\/comments?post=22762"}],"version-history":[{"count":0,"href":"https:\/\/mediarun.com\/pl\/wp-json\/wp\/v2\/posts\/22762\/revisions"}],"wp:featuredmedia":[{"embeddable":true,"href":"https:\/\/mediarun.com\/pl\/wp-json\/wp\/v2\/media\/22763"}],"wp:attachment":[{"href":"https:\/\/mediarun.com\/pl\/wp-json\/wp\/v2\/media?parent=22762"}],"wp:term":[{"taxonomy":"category","embeddable":true,"href":"https:\/\/mediarun.com\/pl\/wp-json\/wp\/v2\/categories?post=22762"},{"taxonomy":"post_tag","embeddable":true,"href":"https:\/\/mediarun.com\/pl\/wp-json\/wp\/v2\/tags?post=22762"}],"curies":[{"name":"wp","href":"https:\/\/api.w.org\/{rel}","templated":true}]}}