{"id":22690,"date":"2010-10-05T16:12:47","date_gmt":"2010-10-05T14:12:47","guid":{"rendered":"https:\/\/mediarun.com\/index.php\/news-posts\/dgp-z-plyta-samochod-w-firmie\/"},"modified":"2010-10-05T16:12:47","modified_gmt":"2010-10-05T14:12:47","slug":"dgp-z-plyta-samochod-w-firmie","status":"publish","type":"post","link":"https:\/\/mediarun.com\/pl\/media\/prasa\/dgp-z-plyta-samochod-w-firmie.html","title":{"rendered":"DGP z p\u0142yt\u0105 &#8222;Samoch\u00f3d w firmie&#8221;"},"content":{"rendered":"<p>Materia\u0142 zosta\u0142 opracowany z my\u015bl\u0105 zar&oacute;wno o du\u017cych firmach, jak i osobach prowadz\u0105cych dzia\u0142alno\u015b\u0107 gospodarcz\u0105. P\u0142yta zawiera szereg porad ekspert&oacute;w z wyja\u015bnieniami takich temat&oacute;w jak: opodatkowanie i rozliczanie auta firmowego i zarz\u0105dzanie flot\u0105, ale tak\u017ce op\u0142aty \u015brodowiskowe, czy praca kierowc&oacute;w i podr&oacute;\u017ce s\u0142u\u017cbowe. Dodatkowo p\u0142yta zosta\u0142a uzupe\u0142niona o obszern\u0105 baz\u0119 akt&oacute;w prawnych.<\/p>\n<p>Nak\u0142ad og&oacute;\u0142em DGP z p\u0142yt\u0105 &#8211; 125 425 egz. Cena Dziennika Gazety Prawnej z p\u0142yt\u0105 &#8211; 7,99 z\u0142.<\/p>\n<p>Sprzeda\u017c zostanie wsparta kampani\u0105 promocyjn\u0105 w prasie (Wprost, Newsweek, Fakt), radiu (RMF, Radio Zet, Polskie Radio Program III, Agora sie\u0107), internecie (dziennik.pl, gazetaprawna.pl, wprost.pl, newsweek, wp.pl) oraz przez autopromocj\u0119 w Dzienniku Gazecie Prawnej.<\/p>\n","protected":false},"excerpt":{"rendered":"Jutro (w \u015brod\u0119 6 pa\u017adziernika) do Dziennika Gazety Prawnej do\u0142\u0105czona zostanie p\u0142yta w ca\u0142o\u015bci po\u015bwi\u0119cona zagadnieniu u\u017cytkowania auta w firmie.","protected":false},"author":1,"featured_media":22691,"comment_status":"open","ping_status":"closed","sticky":false,"template":"","format":"standard","meta":{"csco_display_header_overlay":false,"csco_singular_sidebar":"","csco_page_header_type":"","csco_page_load_nextpost":"","csco_post_video_location":[],"csco_post_video_location_hash":"","csco_post_video_url":"","csco_post_video_bg_start_time":0,"csco_post_video_bg_end_time":0,"footnotes":""},"categories":[9673],"tags":[1268],"class_list":{"0":"post-22690","1":"post","2":"type-post","3":"status-publish","4":"format-standard","5":"has-post-thumbnail","7":"category-prasa","8":"tag-dziennik-gazeta-prawna","9":"cs-entry","10":"cs-video-wrap"},"_links":{"self":[{"href":"https:\/\/mediarun.com\/pl\/wp-json\/wp\/v2\/posts\/22690","targetHints":{"allow":["GET"]}}],"collection":[{"href":"https:\/\/mediarun.com\/pl\/wp-json\/wp\/v2\/posts"}],"about":[{"href":"https:\/\/mediarun.com\/pl\/wp-json\/wp\/v2\/types\/post"}],"author":[{"embeddable":true,"href":"https:\/\/mediarun.com\/pl\/wp-json\/wp\/v2\/users\/1"}],"replies":[{"embeddable":true,"href":"https:\/\/mediarun.com\/pl\/wp-json\/wp\/v2\/comments?post=22690"}],"version-history":[{"count":0,"href":"https:\/\/mediarun.com\/pl\/wp-json\/wp\/v2\/posts\/22690\/revisions"}],"wp:featuredmedia":[{"embeddable":true,"href":"https:\/\/mediarun.com\/pl\/wp-json\/wp\/v2\/media\/22691"}],"wp:attachment":[{"href":"https:\/\/mediarun.com\/pl\/wp-json\/wp\/v2\/media?parent=22690"}],"wp:term":[{"taxonomy":"category","embeddable":true,"href":"https:\/\/mediarun.com\/pl\/wp-json\/wp\/v2\/categories?post=22690"},{"taxonomy":"post_tag","embeddable":true,"href":"https:\/\/mediarun.com\/pl\/wp-json\/wp\/v2\/tags?post=22690"}],"curies":[{"name":"wp","href":"https:\/\/api.w.org\/{rel}","templated":true}]}}