{"id":22336,"date":"2010-10-18T10:58:10","date_gmt":"2010-10-18T08:58:10","guid":{"rendered":"https:\/\/mediarun.com\/index.php\/news-posts\/listopadowe-perly-klasyki-na-kanale-wojna-i-pokoj\/"},"modified":"2010-10-18T10:58:10","modified_gmt":"2010-10-18T08:58:10","slug":"listopadowe-perly-klasyki-na-kanale-wojna-i-pokoj","status":"publish","type":"post","link":"https:\/\/mediarun.com\/pl\/media\/tv\/listopadowe-perly-klasyki-na-kanale-wojna-i-pokoj.html","title":{"rendered":"Listopadowe &#8222;Per\u0142y klasyki&#8221; na kanale Wojna i Pok\u00f3j"},"content":{"rendered":"<p>W\u015br&oacute;d listopadowych &#8222;Pere\u0142 klasyki&#8221; znalaz\u0142 jeden z najbardziej poruszaj\u0105cych film&oacute;w antywojennych, nominowany do Z\u0142otej Palmy i Oscara &#8211; <strong>&#8222;Ballada o \u017co\u0142nierzu&#8221;<\/strong> (emisja: 2 listopada, godz. 19.30); <strong>&#8222;Dziecko wojny&#8221;<\/strong>, to pe\u0142nometra\u017cowy debiut Andrieja Tarkowskiego, nagrodzony Z\u0142otym Lwem, sugestywny obraz wojny widzianej oczami dziecka (emisja: 9 listopada, godz. 19.25); <strong>&#8222;Kalina czerwona&#8221; <\/strong>&#8211; ostatni i najlepszy z film&oacute;w Wasilija Szukszyna, obsypany nagrodami na festiwalu w Berlinie (emisja: 16 listopada, godz. 19.15); <strong>&#8222;Wo\u0142ga Wo\u0142ga&#8221; <\/strong>&#8211; wielki przeb&oacute;j kina radzieckiego lat trzydziestych, propaganda szcz\u0119\u015bcia i rado\u015bci, \u017cycia w rytm znakomitej muzyki Izaaka Dunajewskiego z wielk\u0105 gwiazd\u0105 Lubow Or\u0142ow\u0105 w roli g\u0142&oacute;wnej (emisja: 23 listopada, godz. 19.15); oraz<strong> &#8222;M\u0119\u017cczy\u017ani&#8221;<\/strong> &#8211; nominowana do Z\u0142otego Nied\u017awiedzia historia o potrzebie mi\u0142o\u015bci, wierze w dobro\u0107 i szlachetno\u015b\u0107 (emisja: 30 listopada, godz. 19.25).<\/p>\n<p>&#8222;Per\u0142y klasyki&#8221; w ka\u017cdy wtorek, w kanale Wojna i Pok&oacute;j.<\/p>\n","protected":false},"excerpt":{"rendered":"W ka\u017cdy wtorek kana\u0142 filmowy Wojna i Pok&oacute;j przypomina najwybitniejsze dzie\u0142a radzieckiej kinematografii w cyklu &#8222;Per\u0142y klasyki&#8221;.","protected":false},"author":1,"featured_media":22337,"comment_status":"open","ping_status":"closed","sticky":false,"template":"","format":"standard","meta":{"csco_display_header_overlay":false,"csco_singular_sidebar":"","csco_page_header_type":"","csco_page_load_nextpost":"","csco_post_video_location":[],"csco_post_video_location_hash":"","csco_post_video_url":"","csco_post_video_bg_start_time":0,"csco_post_video_bg_end_time":0,"footnotes":""},"categories":[9670],"tags":[2230],"class_list":{"0":"post-22336","1":"post","2":"type-post","3":"status-publish","4":"format-standard","5":"has-post-thumbnail","7":"category-tv","8":"tag-wojna-i-pokoj","9":"cs-entry","10":"cs-video-wrap"},"_links":{"self":[{"href":"https:\/\/mediarun.com\/pl\/wp-json\/wp\/v2\/posts\/22336","targetHints":{"allow":["GET"]}}],"collection":[{"href":"https:\/\/mediarun.com\/pl\/wp-json\/wp\/v2\/posts"}],"about":[{"href":"https:\/\/mediarun.com\/pl\/wp-json\/wp\/v2\/types\/post"}],"author":[{"embeddable":true,"href":"https:\/\/mediarun.com\/pl\/wp-json\/wp\/v2\/users\/1"}],"replies":[{"embeddable":true,"href":"https:\/\/mediarun.com\/pl\/wp-json\/wp\/v2\/comments?post=22336"}],"version-history":[{"count":0,"href":"https:\/\/mediarun.com\/pl\/wp-json\/wp\/v2\/posts\/22336\/revisions"}],"wp:featuredmedia":[{"embeddable":true,"href":"https:\/\/mediarun.com\/pl\/wp-json\/wp\/v2\/media\/22337"}],"wp:attachment":[{"href":"https:\/\/mediarun.com\/pl\/wp-json\/wp\/v2\/media?parent=22336"}],"wp:term":[{"taxonomy":"category","embeddable":true,"href":"https:\/\/mediarun.com\/pl\/wp-json\/wp\/v2\/categories?post=22336"},{"taxonomy":"post_tag","embeddable":true,"href":"https:\/\/mediarun.com\/pl\/wp-json\/wp\/v2\/tags?post=22336"}],"curies":[{"name":"wp","href":"https:\/\/api.w.org\/{rel}","templated":true}]}}