{"id":22324,"date":"2010-10-18T12:57:50","date_gmt":"2010-10-18T10:57:50","guid":{"rendered":"https:\/\/mediarun.com\/index.php\/news-posts\/tygodniki-specjalistyczne-dgp-z-nowym-layoutem\/"},"modified":"2010-10-18T12:57:50","modified_gmt":"2010-10-18T10:57:50","slug":"tygodniki-specjalistyczne-dgp-z-nowym-layoutem","status":"publish","type":"post","link":"https:\/\/mediarun.com\/pl\/media\/prasa\/tygodniki-specjalistyczne-dgp-z-nowym-layoutem.html","title":{"rendered":"Tygodniki specjalistyczne DGP z nowym layoutem"},"content":{"rendered":"<p>Tygodniki w nowej formule b\u0119d\u0105 zawiera\u0107 wi\u0119cej ni\u017c do tej pory przyk\u0142ad&oacute;w, porad i wyja\u015bnie\u0144 zar&oacute;wno urz\u0119d&oacute;w  takich jak ZUS, Ministerstwo Pracy i Polityki Spo\u0142ecznej czy Ministerstwo Finans&oacute;w jak i ekspert&oacute;w, kt&oacute;rymi s\u0105 wsp&oacute;\u0142pracuj\u0105cy z wydawc\u0105 adwokaci, radcowie prawni, doradcy podatkowi, czy s\u0119dziowie. Dodatkowo znajdzie si\u0119 w nich m.in. najnowsze orzecznictwo zar&oacute;wno s\u0105d&oacute;w powszechnych jak i s\u0105d&oacute;w administracyjnych.<\/p>\n<p>Cz\u0119\u015b\u0107 z nich zmieni\u0142a nazwy. Wtorkowy Tygodnik Prawa Podatkowego zmieni\u0142 tytu\u0142 na Tygodnik Prawo w firmie. Ukazuj\u0105cy si\u0119 w \u015brody Tygodnik Prawa Administracyjnego to od teraz Tygodnik Samorz\u0105dowy, za\u015b czwartkowy Tygodnik Prawa Pracy i Ubezpiecze\u0144 zmieni\u0142 tytu\u0142 na Tygodnik Kadrowy.<\/p>\n<p>&#8211; Modyfikuj\u0105c nazwy tygodnik&oacute;w i zmieniaj\u0105c ich szat\u0119 graficzn\u0105 wydawca pozostawia w nich specjalistyczn\u0105 wiedz\u0119 i poradniczo\u015b\u0107. Mamy nadzieje, \u017ce prezentowane w nich tre\u015bci dzi\u0119ki nowej formule graficznej podane b\u0119d\u0105 w bardziej u\u017cyteczny i przyjazny dla czytelnik&oacute;w  spos&oacute;b- m&oacute;wi\u0105 Ma\u0142gorzata Jankowska, szef tygodnik&oacute;w DGP.<\/p>\n<p>Ponadto, dwa tygodniki (Nowe Prawo &#8211; przepisy oraz Nowe prawo &#8211; praktyka) zosta\u0142y skierowane do systematycznego monitorowania i omawiania uchwalanych przez Sejm czy przyjmowanych przez rz\u0105d akt&oacute;w prawnych. To zapowiadany krok do pilnego \u015bledzenia ofensywy legislacyjnej rz\u0105du. &#8211; Chcemy, aby dzi\u0119ki nim czytelnicy rozumieli istot\u0119 dokonywanych w przepisach zmian, znali ich konsekwencje i wiedzieli  jak  si\u0119 zachowa\u0107, aby wykorzysta\u0107 te zmiany z korzy\u015bci\u0105 dla siebie albo swojej firmy- m&oacute;wi Ma\u0142gorzata Jankowska.<\/p>\n<p>Wydawca k\u0142adzie te\u017c wi\u0119kszy nacisk na integracj\u0119 tygodnik&oacute;w z internetem zar&oacute;wno z serwisami specjalistycznymi Gazety Prawnej (kadry.gazetaprawna.pl, czy ksi\u0119gowo\u015b\u0107.gazetaprawna.pl) jak i z serwisami tematycznymi takimi jak m.in. Samorz\u0105d, Moja firma, Fundusze unijne, czy Kronika prawa &#8211; dost\u0119pnymi na gazetaprawna.pl.<\/p>\n","protected":false},"excerpt":{"rendered":"Dzi\u015b do czytelnik&oacute;w-prenumerator&oacute;w z zupe\u0142nie nowym layoutem i zmienion\u0105 kolorystyk\u0105 trafi\u0142 Tygodnik Podatkowy. Jutro i w kolejne dni &#8211; nast\u0119pne tygodniki.","protected":false},"author":1,"featured_media":22325,"comment_status":"open","ping_status":"closed","sticky":false,"template":"","format":"standard","meta":{"csco_display_header_overlay":false,"csco_singular_sidebar":"","csco_page_header_type":"","csco_page_load_nextpost":"","csco_post_video_location":[],"csco_post_video_location_hash":"","csco_post_video_url":"","csco_post_video_bg_start_time":0,"csco_post_video_bg_end_time":0,"footnotes":""},"categories":[9673],"tags":[1268],"class_list":{"0":"post-22324","1":"post","2":"type-post","3":"status-publish","4":"format-standard","5":"has-post-thumbnail","7":"category-prasa","8":"tag-dziennik-gazeta-prawna","9":"cs-entry","10":"cs-video-wrap"},"_links":{"self":[{"href":"https:\/\/mediarun.com\/pl\/wp-json\/wp\/v2\/posts\/22324","targetHints":{"allow":["GET"]}}],"collection":[{"href":"https:\/\/mediarun.com\/pl\/wp-json\/wp\/v2\/posts"}],"about":[{"href":"https:\/\/mediarun.com\/pl\/wp-json\/wp\/v2\/types\/post"}],"author":[{"embeddable":true,"href":"https:\/\/mediarun.com\/pl\/wp-json\/wp\/v2\/users\/1"}],"replies":[{"embeddable":true,"href":"https:\/\/mediarun.com\/pl\/wp-json\/wp\/v2\/comments?post=22324"}],"version-history":[{"count":0,"href":"https:\/\/mediarun.com\/pl\/wp-json\/wp\/v2\/posts\/22324\/revisions"}],"wp:featuredmedia":[{"embeddable":true,"href":"https:\/\/mediarun.com\/pl\/wp-json\/wp\/v2\/media\/22325"}],"wp:attachment":[{"href":"https:\/\/mediarun.com\/pl\/wp-json\/wp\/v2\/media?parent=22324"}],"wp:term":[{"taxonomy":"category","embeddable":true,"href":"https:\/\/mediarun.com\/pl\/wp-json\/wp\/v2\/categories?post=22324"},{"taxonomy":"post_tag","embeddable":true,"href":"https:\/\/mediarun.com\/pl\/wp-json\/wp\/v2\/tags?post=22324"}],"curies":[{"name":"wp","href":"https:\/\/api.w.org\/{rel}","templated":true}]}}