{"id":22316,"date":"2010-10-18T13:59:19","date_gmt":"2010-10-18T11:59:19","guid":{"rendered":"https:\/\/mediarun.com\/index.php\/news-posts\/czas-honoru-traci-widzow\/"},"modified":"2010-10-18T13:59:19","modified_gmt":"2010-10-18T11:59:19","slug":"czas-honoru-traci-widzow","status":"publish","type":"post","link":"https:\/\/mediarun.com\/pl\/media\/tv\/czas-honoru-traci-widzow.html","title":{"rendered":"&#8222;Czas honoru&#8221; traci widz\u00f3w"},"content":{"rendered":"<p><a href=\"http:\/\/dlafirm.mediarun.pl\/katalog\/firma\/tvp2,960,1.html\" target=\"_blank\" rel=\"noopener\">Dw&oacute;jka<\/a> rozpocz\u0119\u0142a emisj\u0119 trzeciego sezonu serialu &#8222;Czas honoru&#8221; 19 wrze\u015bnia br. Format nadawany jest w niedziele o godz. 21.00. Do tej pory stacja wyemitowa\u0142a 5 odcink&oacute;w najnowszej serii, kt&oacute;re gromadzi\u0142y przed telewizorami w ci\u0105gu minuty \u015brednio 2,37 mln widz&oacute;w, przy udziale w rynku na poziomie 15,14 proc.<\/p>\n<p>Wynik ten ulokowa\u0142 stacj\u0119 na drugiej pozycji pod wzgl\u0119dem ogl\u0105dalno\u015bci w wieczornym pa\u015bmie. Na pierwszym miejscu w tym czasie antenowym znalaz\u0142 si\u0119 TVN (&#8222;Taniec z gwiazdami&#8221;), kt&oacute;ry zainteresowa\u0142 \u015brednio 4,49 mln os&oacute;b, 28,66 proc. widowni. Trzecie miejsce nale\u017ca\u0142o do Polsatu &#8211; 2,36 mln widz&oacute;w, 15,02 proc. udzia\u0142u w rynku (m.in. &#8222;Kryminalne zagadki Miami&#8221;). Jedynka znalaz\u0142a si\u0119 na czwartej pozycji, uzyska\u0142a 10,44 proc. udzia\u0142u w rynku, 1,63 mln widz&oacute;w (ko\u0144c&oacute;wka serialu &#8222;Mi\u0142o\u015b\u0107 na rozlewiskiem&#8221; oraz pasmo filmowe).<\/p>\n<p>Poprzednie serie &#8222;Czasu honoru&#8221; gromadzi\u0142y przed odbiornikami wi\u0119ksz\u0105 widowni\u0119. Pierwszy sezon, nadawany jesieni\u0105 2008 r., przyci\u0105gn\u0105\u0142 przed odbiorniki \u015brednio 2,9 mln os&oacute;b, a udzia\u0142 stacji w rynku w tym czasie antenowym ukszta\u0142towa\u0142 si\u0119 na poziomie 17,39 proc. Drug\u0105 seri\u0119 (emisja jesieni\u0105 2009 r.) ogl\u0105da\u0142o \u015brednio 2,6 mln widz&oacute;w,  udzia\u0142 TVP2 w rynku w czasie jego emisji kszta\u0142towa\u0142 si\u0119 na poziomie 16,06 proc.<\/p>\n<p>&#8222;Czas honoru&#8221; jest opowie\u015bci\u0105 o losach grupy m\u0142odych polskich oficer&oacute;w &#8211; tzw. &#8222;cichociemnych&#8221; skoczk&oacute;w &#8211; zrzuconych na teren okupowanej Polski 16 lutego 1941 roku. Widzowie Dw&oacute;jki w nowych odcinkach \u015bledz\u0105 dalsze losy bohater&oacute;w: Bronka (Maciej Zako\u015bcielny), Janka (Antoni Pawlicki), Micha\u0142a (Jakub Weso\u0142owski) i W\u0142adka (Jan Wieczorkowski), kt&oacute;rzy kontynuuj\u0105 dzia\u0142alno\u015b\u0107 konspiracyjn\u0105.<\/p>\n","protected":false},"excerpt":{"rendered":"Trzecia seria &#8222;Czasu honoru&#8221; przyci\u0105ga przed odbiorniki mniej widz&oacute;w ni\u017c poprzednie ods\u0142ony.","protected":false},"author":1,"featured_media":22317,"comment_status":"open","ping_status":"closed","sticky":false,"template":"","format":"standard","meta":{"csco_display_header_overlay":false,"csco_singular_sidebar":"","csco_page_header_type":"","csco_page_load_nextpost":"","csco_post_video_location":[],"csco_post_video_location_hash":"","csco_post_video_url":"","csco_post_video_bg_start_time":0,"csco_post_video_bg_end_time":0,"footnotes":""},"categories":[9670],"tags":[1083,1113,610],"class_list":{"0":"post-22316","1":"post","2":"type-post","3":"status-publish","4":"format-standard","5":"has-post-thumbnail","7":"category-tv","8":"tag-nielsen-audience-measurement","9":"tag-ogladalnosc","10":"tag-tvp2","11":"cs-entry","12":"cs-video-wrap"},"_links":{"self":[{"href":"https:\/\/mediarun.com\/pl\/wp-json\/wp\/v2\/posts\/22316","targetHints":{"allow":["GET"]}}],"collection":[{"href":"https:\/\/mediarun.com\/pl\/wp-json\/wp\/v2\/posts"}],"about":[{"href":"https:\/\/mediarun.com\/pl\/wp-json\/wp\/v2\/types\/post"}],"author":[{"embeddable":true,"href":"https:\/\/mediarun.com\/pl\/wp-json\/wp\/v2\/users\/1"}],"replies":[{"embeddable":true,"href":"https:\/\/mediarun.com\/pl\/wp-json\/wp\/v2\/comments?post=22316"}],"version-history":[{"count":0,"href":"https:\/\/mediarun.com\/pl\/wp-json\/wp\/v2\/posts\/22316\/revisions"}],"wp:featuredmedia":[{"embeddable":true,"href":"https:\/\/mediarun.com\/pl\/wp-json\/wp\/v2\/media\/22317"}],"wp:attachment":[{"href":"https:\/\/mediarun.com\/pl\/wp-json\/wp\/v2\/media?parent=22316"}],"wp:term":[{"taxonomy":"category","embeddable":true,"href":"https:\/\/mediarun.com\/pl\/wp-json\/wp\/v2\/categories?post=22316"},{"taxonomy":"post_tag","embeddable":true,"href":"https:\/\/mediarun.com\/pl\/wp-json\/wp\/v2\/tags?post=22316"}],"curies":[{"name":"wp","href":"https:\/\/api.w.org\/{rel}","templated":true}]}}