{"id":21876,"date":"2010-11-02T17:18:23","date_gmt":"2010-11-02T16:18:23","guid":{"rendered":"https:\/\/mediarun.com\/index.php\/news-posts\/zawsze-wprost\/"},"modified":"2010-11-02T17:18:23","modified_gmt":"2010-11-02T16:18:23","slug":"zawsze-wprost","status":"publish","type":"post","link":"https:\/\/mediarun.com\/pl\/marketing\/atl\/zawsze-wprost.html","title":{"rendered":"Zawsze Wprost"},"content":{"rendered":"<p>Kampania, kt&oacute;ra potrwa 6 tygodni, wykorzystuje motyw najnowszych ok\u0142adek tygodnika oraz cytaty rozm&oacute;wc&oacute;w Wprost.<\/p>\n<p>Layouty promuj\u0105ce tytu\u0142 b\u0119d\u0105 pojawia\u0142y si\u0119 m.in. na \u0142amach Rzeczpospolitej, Dziennika Gazety Prawnej oraz Polski The Times od 3 listopada. Tak\u017ce 3 listopada ruszy kampania internetowa na najwi\u0119kszych portalach, m.in. Onet.pl i Interia.pl oraz w serwisach nale\u017c\u0105cych do PMPG SA, a tak\u017ce w MySpace. Spoty radiowe b\u0119dzie mo\u017cna us\u0142ysze\u0107 na pocz\u0105tku przysz\u0142ego tygodnia w Radiu Zet, RMF FM i Radiu PIN, przewidziana jest r&oacute;wnie\u017c kampania na antenach og&oacute;lnopolskich stacji telewizyjnych.<\/p>\n<p>Tygodnik Wprost b\u0119dzie r&oacute;wnie\u017c promowany w kinach sieci Multikino i Cinema City. Spoty b\u0119d\u0105 r&oacute;wnie\u017c wy\u015bwietlane na ekranach LCD w sieciach McDonald&#8217;s TV i Deutsche Banku TV. W kilku lokalizacjach stan\u0105 r&oacute;wnie\u017c airwalle reklamuj\u0105ce pismo.<\/p>\n<p>To druga kampania promuj\u0105ca nowy Wprost. Poprzednia, na prze\u0142omie czerwca i lipca, by\u0142a kampani\u0105 prasowo-internetow\u0105. Prowadzona pod has\u0142em &#8222;Zmieniamy Wprost&#8221; skupia\u0142a si\u0119 na przedstawieniu zmian w tygodniku, kt&oacute;re nast\u0105pi\u0142y po zmianie kierownictwa redakcji.<\/p>\n<p>Za kreacj\u0119 odpowiada BTL Point Group, a za zakup medi&oacute;w&nbsp;Media Point Group, w tym internet: Dzia\u0142 Nowych Medi&oacute;w Media&nbsp;Point Group, Digital Signage (McDonald&#8217;s, Deutsche Bank) i airwalle &#8211; OOH&nbsp;Media Point Group.<\/p>\n","protected":false},"excerpt":{"rendered":"&#8222;Zawsze Wprost&#8221; &#8211; to has\u0142o rozpoczynaj\u0105cej si\u0119 kampanii Wprost, prezentuj\u0105cej zmiany, jakim podlega\u0142 tygodnik pod kierownictwem Tomasza Lisa.","protected":false},"author":1,"featured_media":21877,"comment_status":"open","ping_status":"closed","sticky":false,"template":"","format":"standard","meta":{"csco_display_header_overlay":false,"csco_singular_sidebar":"","csco_page_header_type":"","csco_page_load_nextpost":"","csco_post_video_location":[],"csco_post_video_location_hash":"","csco_post_video_url":"","csco_post_video_bg_start_time":0,"csco_post_video_bg_end_time":0,"footnotes":""},"categories":[9642],"tags":[348],"class_list":{"0":"post-21876","1":"post","2":"type-post","3":"status-publish","4":"format-standard","5":"has-post-thumbnail","7":"category-atl","8":"tag-wprost","9":"cs-entry","10":"cs-video-wrap"},"_links":{"self":[{"href":"https:\/\/mediarun.com\/pl\/wp-json\/wp\/v2\/posts\/21876","targetHints":{"allow":["GET"]}}],"collection":[{"href":"https:\/\/mediarun.com\/pl\/wp-json\/wp\/v2\/posts"}],"about":[{"href":"https:\/\/mediarun.com\/pl\/wp-json\/wp\/v2\/types\/post"}],"author":[{"embeddable":true,"href":"https:\/\/mediarun.com\/pl\/wp-json\/wp\/v2\/users\/1"}],"replies":[{"embeddable":true,"href":"https:\/\/mediarun.com\/pl\/wp-json\/wp\/v2\/comments?post=21876"}],"version-history":[{"count":0,"href":"https:\/\/mediarun.com\/pl\/wp-json\/wp\/v2\/posts\/21876\/revisions"}],"wp:featuredmedia":[{"embeddable":true,"href":"https:\/\/mediarun.com\/pl\/wp-json\/wp\/v2\/media\/21877"}],"wp:attachment":[{"href":"https:\/\/mediarun.com\/pl\/wp-json\/wp\/v2\/media?parent=21876"}],"wp:term":[{"taxonomy":"category","embeddable":true,"href":"https:\/\/mediarun.com\/pl\/wp-json\/wp\/v2\/categories?post=21876"},{"taxonomy":"post_tag","embeddable":true,"href":"https:\/\/mediarun.com\/pl\/wp-json\/wp\/v2\/tags?post=21876"}],"curies":[{"name":"wp","href":"https:\/\/api.w.org\/{rel}","templated":true}]}}