{"id":21822,"date":"2010-11-04T12:44:58","date_gmt":"2010-11-04T11:44:58","guid":{"rendered":"https:\/\/mediarun.com\/index.php\/news-posts\/kroniki-piotra-baltroczyka-w-czworce\/"},"modified":"2010-11-04T12:44:58","modified_gmt":"2010-11-04T11:44:58","slug":"kroniki-piotra-baltroczyka-w-czworce","status":"publish","type":"post","link":"https:\/\/mediarun.com\/pl\/media\/tv\/kroniki-piotra-baltroczyka-w-czworce.html","title":{"rendered":"Kroniki Piotra Baltroczyka w Czw\u00f3rce"},"content":{"rendered":"<p>&#8222;Kroniki Piotra Ba\u0142troczyka z Warmii&#8221; to cykl czterech program&oacute;w zrealizowanych podczas jednego wyst\u0119pu artysty w Teatrze Bajka w Warszawie.<\/p>\n<p>Go\u015bcinnie w pierwszym odcinku wyst\u0105pi r&oacute;wnie\u017c Andrzej Poniedzielski. Dodatkowym elementem cyklu s\u0105 fragmenty najzabawniejszych Polskich Kronik Filmowych z lat 60., 70. i 80., kt&oacute;re ilustruj\u0105 lub rozwijaj\u0105 historie Piotra Baltroczyka.<\/p>\n<p>Na pierwszy rzut oka program mo\u017ce sprawia\u0107 wra\u017cenie, \u017ce \u017cycie w latach PRL-u by\u0142o bardziej zabawne ni\u017c teraz, ale tak naprawd\u0119 udowadnia on, \u017ce cho\u0107 nie by\u0142o \u0142atwo, to ludzie byli bli\u017cej siebie i liczy\u0142 si\u0119 przede wszystkim cz\u0142owiek. W swoim monologu autor wielokrotnie porusza r&oacute;wnie\u017c tematy wsp&oacute;\u0142czesne i prezentuje, z charakterystyczn\u0105 dla siebie lekko\u015bci\u0105, zakulisowe \u017cycie artyst&oacute;w estradowych.<\/p>\n","protected":false},"excerpt":{"rendered":"28 listopada Czw&oacute;rka zaprezentuje pierwszy odcinek programu &#8222;Kroniki Piotra Baltroczyka z Warmii&#8221;, kt&oacute;ry emitowany b\u0119dzie przez cztery kolejne niedziele o godz. 22.00.","protected":false},"author":1,"featured_media":21823,"comment_status":"open","ping_status":"closed","sticky":false,"template":"","format":"standard","meta":{"csco_display_header_overlay":false,"csco_singular_sidebar":"","csco_page_header_type":"","csco_page_load_nextpost":"","csco_post_video_location":[],"csco_post_video_location_hash":"","csco_post_video_url":"","csco_post_video_bg_start_time":0,"csco_post_video_bg_end_time":0,"footnotes":""},"categories":[9670],"tags":[1162],"class_list":{"0":"post-21822","1":"post","2":"type-post","3":"status-publish","4":"format-standard","5":"has-post-thumbnail","7":"category-tv","8":"tag-czworka","9":"cs-entry","10":"cs-video-wrap"},"_links":{"self":[{"href":"https:\/\/mediarun.com\/pl\/wp-json\/wp\/v2\/posts\/21822","targetHints":{"allow":["GET"]}}],"collection":[{"href":"https:\/\/mediarun.com\/pl\/wp-json\/wp\/v2\/posts"}],"about":[{"href":"https:\/\/mediarun.com\/pl\/wp-json\/wp\/v2\/types\/post"}],"author":[{"embeddable":true,"href":"https:\/\/mediarun.com\/pl\/wp-json\/wp\/v2\/users\/1"}],"replies":[{"embeddable":true,"href":"https:\/\/mediarun.com\/pl\/wp-json\/wp\/v2\/comments?post=21822"}],"version-history":[{"count":0,"href":"https:\/\/mediarun.com\/pl\/wp-json\/wp\/v2\/posts\/21822\/revisions"}],"wp:featuredmedia":[{"embeddable":true,"href":"https:\/\/mediarun.com\/pl\/wp-json\/wp\/v2\/media\/21823"}],"wp:attachment":[{"href":"https:\/\/mediarun.com\/pl\/wp-json\/wp\/v2\/media?parent=21822"}],"wp:term":[{"taxonomy":"category","embeddable":true,"href":"https:\/\/mediarun.com\/pl\/wp-json\/wp\/v2\/categories?post=21822"},{"taxonomy":"post_tag","embeddable":true,"href":"https:\/\/mediarun.com\/pl\/wp-json\/wp\/v2\/tags?post=21822"}],"curies":[{"name":"wp","href":"https:\/\/api.w.org\/{rel}","templated":true}]}}