{"id":21388,"date":"2010-11-21T21:45:07","date_gmt":"2010-11-21T20:45:07","guid":{"rendered":"https:\/\/mediarun.com\/index.php\/news-posts\/tvn7-przypomni-serial-nie-z-tego-swiata\/"},"modified":"2010-11-21T21:45:07","modified_gmt":"2010-11-21T20:45:07","slug":"tvn7-przypomni-serial-nie-z-tego-swiata","status":"publish","type":"post","link":"https:\/\/mediarun.com\/pl\/media\/tv\/tvn7-przypomni-serial-nie-z-tego-swiata.html","title":{"rendered":"TVN7 przypomni serial &#8222;Nie z tego \u015bwiata&#8221;"},"content":{"rendered":"<p>Tajemnicze zab&oacute;jstwa, niewyja\u015bnione op\u0119tania, zjawy nie z tego \u015bwiata to chleb powszedni dla dw&oacute;ch braci Winchester&oacute;w: Sama i Deana, kt&oacute;rzy by pom\u015bci\u0107 niewyja\u015bnion\u0105 \u015bmier\u0107 matki, postanawiaj\u0105 unicestwi\u0107 wszystkie istoty pozaziemskie. Wsp&oacute;lnie przemierzaj\u0105 pustkowia, lasy i pola, odwiedzaj\u0105 miasteczka i wsie, wsz\u0119dzie spotykaj\u0105 stwory, kt&oacute;re powinny istnie\u0107 jedynie w podaniach ludowych i koszmarach sennych. Tam gdzie policja widzi suche fakty, bracia Winchesterowie odkrywaj\u0105 drugie, ponadnaturalne dno kryminalnej sprawy.<\/p>\n<p>W pierwszej serii &#8222;Nie z tego \u015bwiata&#8221; bracia, \u015bladami ojca udaj\u0105 si\u0119 w niezwyk\u0142\u0105 podr&oacute;\u017c, by zmierzy\u0107 si\u0119 z nadprzyrodzonymi formami bytu. W ka\u017cdym odcinku Sam oraz Dean podejmuj\u0105 si\u0119 nowego wyzwania i mierz\u0105 si\u0119 ze zjawiskami paranormalnymi. Dodatkowo staraj\u0105 si\u0119 rozwi\u0105za\u0107 nurtuj\u0105c\u0105 ich od dzieci\u0144stwa zagadk\u0119 \u015bmierci ich matki oraz pr&oacute;buj\u0105 odnale\u017a\u0107 zaginionego ojca.<\/p>\n<p>Na pierwszy sezon mrocznego serialu &#8222;Nie z tego \u015bwiata&#8221; (&#8222;Supernatural&#8221;) telewizja TVN7 zaprasza od 19 listopada w ka\u017cdy pi\u0105tek, oko\u0142o godz. 22.05.<\/p>\n","protected":false},"excerpt":{"rendered":"Na antenie TVN7 zago\u015bci po raz drugi ameryka\u0144ski serial podszyty dreszczykiem emocji &#8211; &#8222;Nie z tego \u015bwiata&#8221;.","protected":false},"author":1,"featured_media":21389,"comment_status":"open","ping_status":"closed","sticky":false,"template":"","format":"standard","meta":{"csco_display_header_overlay":false,"csco_singular_sidebar":"","csco_page_header_type":"","csco_page_load_nextpost":"","csco_post_video_location":[],"csco_post_video_location_hash":"","csco_post_video_url":"","csco_post_video_bg_start_time":0,"csco_post_video_bg_end_time":0,"footnotes":""},"categories":[9670],"tags":[98,1366],"class_list":{"0":"post-21388","1":"post","2":"type-post","3":"status-publish","4":"format-standard","5":"has-post-thumbnail","7":"category-tv","8":"tag-tvn","9":"tag-tvn7","10":"cs-entry","11":"cs-video-wrap"},"_links":{"self":[{"href":"https:\/\/mediarun.com\/pl\/wp-json\/wp\/v2\/posts\/21388","targetHints":{"allow":["GET"]}}],"collection":[{"href":"https:\/\/mediarun.com\/pl\/wp-json\/wp\/v2\/posts"}],"about":[{"href":"https:\/\/mediarun.com\/pl\/wp-json\/wp\/v2\/types\/post"}],"author":[{"embeddable":true,"href":"https:\/\/mediarun.com\/pl\/wp-json\/wp\/v2\/users\/1"}],"replies":[{"embeddable":true,"href":"https:\/\/mediarun.com\/pl\/wp-json\/wp\/v2\/comments?post=21388"}],"version-history":[{"count":0,"href":"https:\/\/mediarun.com\/pl\/wp-json\/wp\/v2\/posts\/21388\/revisions"}],"wp:featuredmedia":[{"embeddable":true,"href":"https:\/\/mediarun.com\/pl\/wp-json\/wp\/v2\/media\/21389"}],"wp:attachment":[{"href":"https:\/\/mediarun.com\/pl\/wp-json\/wp\/v2\/media?parent=21388"}],"wp:term":[{"taxonomy":"category","embeddable":true,"href":"https:\/\/mediarun.com\/pl\/wp-json\/wp\/v2\/categories?post=21388"},{"taxonomy":"post_tag","embeddable":true,"href":"https:\/\/mediarun.com\/pl\/wp-json\/wp\/v2\/tags?post=21388"}],"curies":[{"name":"wp","href":"https:\/\/api.w.org\/{rel}","templated":true}]}}