{"id":21169,"date":"2010-11-29T16:52:18","date_gmt":"2010-11-29T15:52:18","guid":{"rendered":"https:\/\/mediarun.com\/index.php\/news-posts\/nan-pro-od-nestle-wideo\/"},"modified":"2010-11-29T16:52:18","modified_gmt":"2010-11-29T15:52:18","slug":"nan-pro-od-nestle-wideo","status":"publish","type":"post","link":"https:\/\/mediarun.com\/pl\/marketing\/atl\/nan-pro-od-nestle-wideo.html","title":{"rendered":"NAN Pro od Nestle (wideo)"},"content":{"rendered":"<p>Kampania telewizyjna ma zasi\u0119g og&oacute;lnopolski, spoty emitowane s\u0105 od 16 pa\u017adziernika w takich stacjach jak TVN, TVP oraz Polsat.<\/p>\n<p>Kampania prasowa obejmuje dzia\u0142ania w tytu\u0142ach parentingowych (Mamo to Ja, Mam Dziecko, Dziecko, Tw&oacute;j Maluszek, Twoje Dziecko i Rodzice) oraz kobiecych (m.in. Olivia, Viva!). Kampania prasowa podzielona jest na dwie ods\u0142ony, pierwsza rozpocz\u0119\u0142a si\u0119 od pa\u017adziernikowych wyda\u0144 czasopism, a druga, najnowsza rozpocznie si\u0119 w grudniu wraz z pojawieniem si\u0119 na rynku numer&oacute;w styczniowych. Layout najnowszej ods\u0142ony kampanii b\u0119dzie nawi\u0105zywa\u0142 do spot&oacute;w telewizyjnych.<\/p>\n<p>Kreacj\u0119 przygotowa\u0142a agencja Publicis, a media zaplanowa\u0142 i kupi\u0142 dom mediowy Mediaedge:cia.<\/p>\n<p>Kampania telewizyjna potrwa do ko\u0144ca 2010 roku, a prasowa b\u0119dzie kontynuowana tak\u017ce w przysz\u0142ym roku.<\/p>\n","protected":false},"excerpt":{"rendered":"Trwa kampania reklamowa mleka modyfikowanego Nestle NAN Pro.","protected":false},"author":1,"featured_media":21170,"comment_status":"open","ping_status":"closed","sticky":false,"template":"","format":"standard","meta":{"csco_display_header_overlay":false,"csco_singular_sidebar":"","csco_page_header_type":"","csco_page_load_nextpost":"","csco_post_video_location":[],"csco_post_video_location_hash":"","csco_post_video_url":"","csco_post_video_bg_start_time":0,"csco_post_video_bg_end_time":0,"footnotes":""},"categories":[9642],"tags":[1424,52],"class_list":{"0":"post-21169","1":"post","2":"type-post","3":"status-publish","4":"format-standard","5":"has-post-thumbnail","7":"category-atl","8":"tag-mediaedgecia","9":"tag-publicis","10":"cs-entry","11":"cs-video-wrap"},"_links":{"self":[{"href":"https:\/\/mediarun.com\/pl\/wp-json\/wp\/v2\/posts\/21169","targetHints":{"allow":["GET"]}}],"collection":[{"href":"https:\/\/mediarun.com\/pl\/wp-json\/wp\/v2\/posts"}],"about":[{"href":"https:\/\/mediarun.com\/pl\/wp-json\/wp\/v2\/types\/post"}],"author":[{"embeddable":true,"href":"https:\/\/mediarun.com\/pl\/wp-json\/wp\/v2\/users\/1"}],"replies":[{"embeddable":true,"href":"https:\/\/mediarun.com\/pl\/wp-json\/wp\/v2\/comments?post=21169"}],"version-history":[{"count":0,"href":"https:\/\/mediarun.com\/pl\/wp-json\/wp\/v2\/posts\/21169\/revisions"}],"wp:featuredmedia":[{"embeddable":true,"href":"https:\/\/mediarun.com\/pl\/wp-json\/wp\/v2\/media\/21170"}],"wp:attachment":[{"href":"https:\/\/mediarun.com\/pl\/wp-json\/wp\/v2\/media?parent=21169"}],"wp:term":[{"taxonomy":"category","embeddable":true,"href":"https:\/\/mediarun.com\/pl\/wp-json\/wp\/v2\/categories?post=21169"},{"taxonomy":"post_tag","embeddable":true,"href":"https:\/\/mediarun.com\/pl\/wp-json\/wp\/v2\/tags?post=21169"}],"curies":[{"name":"wp","href":"https:\/\/api.w.org\/{rel}","templated":true}]}}