{"id":21066,"date":"2010-12-02T16:52:57","date_gmt":"2010-12-02T15:52:57","guid":{"rendered":"https:\/\/mediarun.com\/index.php\/news-posts\/erotyczny-kalendarz-od-media-markt-konkurs\/"},"modified":"2010-12-02T16:52:57","modified_gmt":"2010-12-02T15:52:57","slug":"erotyczny-kalendarz-od-media-markt-konkurs","status":"publish","type":"post","link":"https:\/\/mediarun.com\/pl\/trendy\/branding\/erotyczny-kalendarz-od-media-markt-konkurs.html","title":{"rendered":"Erotyczny kalendarz od Media Markt (konkurs)"},"content":{"rendered":"<p>Sie\u0107 Media Markt po sukcesie kalendarza z roku 2009 postanowi\u0142a ponownie przygotowa\u0107 limitowane wydawnictwo.&nbsp;&#8211; Powsta\u0142 kalendarz epatuj\u0105cy wysmakowan\u0105 erotyk\u0105 z subteln\u0105 obecno\u015bci\u0105 product placementu &#8211; zapowiada Wioletta Bat&oacute;g, rzecznik prasowy Media Markt.<\/p>\n<p>&#8211; Kalendarz Media Markt 2011 w swej artystycznej warstwie przedstawia trudny los osadzonych w wiezieniu. Pi\u0119kne wi\u0119\u017aniarki &#8222;skazane na najni\u017csze ceny&#8221; odbywaj\u0105 ci\u0119\u017cki wyrok w surowych betonowych przestrzeniach. Ich cierpienie nieco \u0142agodzi mo\u017cliwo\u015b\u0107 przebywania z innymi skazanymi kobietami oraz dost\u0119p do wysmakowanej elektroniki u\u017cytkowej &#8211; opisuje Bat&oacute;g.<\/p>\n<p>Kalendarz nie b\u0119dzie dost\u0119pny w sprzeda\u017cy. Egzemplarze z limitowanego nak\u0142adu trafi\u0105 do najwa\u017cniejszych partner&oacute;w handlowym i kontrahent&oacute;w Media Markt.<\/p>\n<p>Do projektu sie\u0107 Media Markt zaprosi\u0142a ukrai\u0144skiego artyst\u0119 fotografika Ruslana Lobanova, kt&oacute;ry jest autorem zdj\u0119\u0107. Za kreacj\u0119 przedsi\u0119wzi\u0119cia odpowiada\u0142a agencja reklamowa Opus B. Sesja zdj\u0119ciowa zrealizowana zosta\u0142a przez Studio M5.<\/p>\n<p>&nbsp;<\/p>\n<p><strong>KONKURS<\/strong><\/p>\n<p>Dzi\u0119ki uprzejmo\u015bci sieci Media Markt na czytelnik&oacute;w Mediarun.pl czeka<strong> 10 opisywanych kalendarzy na 2011 rok<\/strong>. Rozlosujemy je w\u015br&oacute;d os&oacute;b, kt&oacute;re do 5 stycznia wy\u015bl\u0105 e-maila na adres <a href=\"mailto:redakcja@mediarun.pl\" target=\"_blank\">redakcja@mediarun.pl<\/a> z tematem <strong>MEDIA MARKT<\/strong>. Zwyci\u0119zc&oacute;w o wygranej poinformujemy mailowo.<\/p>\n","protected":false},"excerpt":{"rendered":"&#8222;Skazani na najni\u017csze ceny&#8221; &#8211; taki tytu\u0142 nosi ekskluzywny kalendarz sieci Media Markt na nadchodz\u0105cy 2011 rok. Dla czytelnik&oacute;w Mediarun.pl mamy 10 egzemplarzy!","protected":false},"author":1,"featured_media":21067,"comment_status":"open","ping_status":"closed","sticky":false,"template":"","format":"standard","meta":{"csco_display_header_overlay":false,"csco_singular_sidebar":"","csco_page_header_type":"","csco_page_load_nextpost":"","csco_post_video_location":[],"csco_post_video_location_hash":"","csco_post_video_url":"","csco_post_video_bg_start_time":0,"csco_post_video_bg_end_time":0,"footnotes":""},"categories":[9658],"tags":[736],"class_list":{"0":"post-21066","1":"post","2":"type-post","3":"status-publish","4":"format-standard","5":"has-post-thumbnail","7":"category-branding","8":"tag-media-markt","9":"cs-entry","10":"cs-video-wrap"},"_links":{"self":[{"href":"https:\/\/mediarun.com\/pl\/wp-json\/wp\/v2\/posts\/21066","targetHints":{"allow":["GET"]}}],"collection":[{"href":"https:\/\/mediarun.com\/pl\/wp-json\/wp\/v2\/posts"}],"about":[{"href":"https:\/\/mediarun.com\/pl\/wp-json\/wp\/v2\/types\/post"}],"author":[{"embeddable":true,"href":"https:\/\/mediarun.com\/pl\/wp-json\/wp\/v2\/users\/1"}],"replies":[{"embeddable":true,"href":"https:\/\/mediarun.com\/pl\/wp-json\/wp\/v2\/comments?post=21066"}],"version-history":[{"count":0,"href":"https:\/\/mediarun.com\/pl\/wp-json\/wp\/v2\/posts\/21066\/revisions"}],"wp:featuredmedia":[{"embeddable":true,"href":"https:\/\/mediarun.com\/pl\/wp-json\/wp\/v2\/media\/21067"}],"wp:attachment":[{"href":"https:\/\/mediarun.com\/pl\/wp-json\/wp\/v2\/media?parent=21066"}],"wp:term":[{"taxonomy":"category","embeddable":true,"href":"https:\/\/mediarun.com\/pl\/wp-json\/wp\/v2\/categories?post=21066"},{"taxonomy":"post_tag","embeddable":true,"href":"https:\/\/mediarun.com\/pl\/wp-json\/wp\/v2\/tags?post=21066"}],"curies":[{"name":"wp","href":"https:\/\/api.w.org\/{rel}","templated":true}]}}