{"id":20971,"date":"2010-12-07T14:51:40","date_gmt":"2010-12-07T13:51:40","guid":{"rendered":"https:\/\/mediarun.com\/index.php\/news-posts\/radiowa-jedynka-z-wizyta-u-golec-uorkiestra\/"},"modified":"2010-12-07T14:51:40","modified_gmt":"2010-12-07T13:51:40","slug":"radiowa-jedynka-z-wizyta-u-golec-uorkiestra","status":"publish","type":"post","link":"https:\/\/mediarun.com\/pl\/media\/radio\/radiowa-jedynka-z-wizyta-u-golec-uorkiestra.html","title":{"rendered":"Radiowa Jedynka z wizyt\u0105 u Golec Uorkiestra"},"content":{"rendered":"<p>11 grudnia w &#8222;Czterech Porach Roku&#8221; i &#8222;Sobocie z Jedynk\u0105&#8221; S\u0142awa Bie\u0144czycka i Roman Czejarek podgl\u0105da\u0107 b\u0119d\u0105 rodzinne \u015bniadanie w domu Paw\u0142a Golca. Taka atmosfera sprzyja rozmowom o g&oacute;ralskiej tradycji, o dzieciach, mi\u0142o\u015bci, muzyce, marzeniach&#8230; po prostu o \u017cyciu i pracy artyst&oacute;w w g&oacute;rach.<\/p>\n<p>W audycji b\u0119dzie mowa o przygotowaniach do \u015bwi\u0105t u s\u0142ynnej muzycznej rodziny Golc&oacute;w. Co wynie\u015bli z domu bracia Gocowie? Kto i kiedy ubiera u nich choink\u0119? Ile os&oacute;b zasiada do wigilijnego sto\u0142u? Czy bracia \u0141ukasz i Pawe\u0142 pomagaj\u0105 \u017conom w kuchni? Jak powstaj\u0105 ich przeboje i gdzie odbywaj\u0105 si\u0119 pr&oacute;by?<\/p>\n<p>S\u0142awa Bie\u0144czycka i Roman Czejarek zapraszaj\u0105 do s\u0142uchania audycji 11 grudnia w od godz. 9.00 do 14.00.<\/p>\n","protected":false},"excerpt":{"rendered":"W najbli\u017csz\u0105 sobot\u0119 Roman Czejarek i S\u0142awa Bie\u0144czycka go\u015bci\u0107 b\u0119d\u0105 w Bielsku Bia\u0142ej w domu Paw\u0142a Golca, sk\u0105d poprowadz\u0105 swoj\u0105 audycj\u0119.","protected":false},"author":1,"featured_media":20972,"comment_status":"open","ping_status":"closed","sticky":false,"template":"","format":"standard","meta":{"csco_display_header_overlay":false,"csco_singular_sidebar":"","csco_page_header_type":"","csco_page_load_nextpost":"","csco_post_video_location":[],"csco_post_video_location_hash":"","csco_post_video_url":"","csco_post_video_bg_start_time":0,"csco_post_video_bg_end_time":0,"footnotes":""},"categories":[9672],"tags":[405,950],"class_list":{"0":"post-20971","1":"post","2":"type-post","3":"status-publish","4":"format-standard","5":"has-post-thumbnail","7":"category-radio","8":"tag-polskie-radio","9":"tag-jedynka","10":"cs-entry","11":"cs-video-wrap"},"_links":{"self":[{"href":"https:\/\/mediarun.com\/pl\/wp-json\/wp\/v2\/posts\/20971","targetHints":{"allow":["GET"]}}],"collection":[{"href":"https:\/\/mediarun.com\/pl\/wp-json\/wp\/v2\/posts"}],"about":[{"href":"https:\/\/mediarun.com\/pl\/wp-json\/wp\/v2\/types\/post"}],"author":[{"embeddable":true,"href":"https:\/\/mediarun.com\/pl\/wp-json\/wp\/v2\/users\/1"}],"replies":[{"embeddable":true,"href":"https:\/\/mediarun.com\/pl\/wp-json\/wp\/v2\/comments?post=20971"}],"version-history":[{"count":0,"href":"https:\/\/mediarun.com\/pl\/wp-json\/wp\/v2\/posts\/20971\/revisions"}],"wp:featuredmedia":[{"embeddable":true,"href":"https:\/\/mediarun.com\/pl\/wp-json\/wp\/v2\/media\/20972"}],"wp:attachment":[{"href":"https:\/\/mediarun.com\/pl\/wp-json\/wp\/v2\/media?parent=20971"}],"wp:term":[{"taxonomy":"category","embeddable":true,"href":"https:\/\/mediarun.com\/pl\/wp-json\/wp\/v2\/categories?post=20971"},{"taxonomy":"post_tag","embeddable":true,"href":"https:\/\/mediarun.com\/pl\/wp-json\/wp\/v2\/tags?post=20971"}],"curies":[{"name":"wp","href":"https:\/\/api.w.org\/{rel}","templated":true}]}}