{"id":20712,"date":"2010-12-16T00:27:19","date_gmt":"2010-12-15T23:27:19","guid":{"rendered":"https:\/\/mediarun.com\/index.php\/news-posts\/podsumowanie-roku-2010-public-relations\/"},"modified":"2010-12-16T00:27:19","modified_gmt":"2010-12-15T23:27:19","slug":"podsumowanie-roku-2010-public-relations","status":"publish","type":"post","link":"https:\/\/mediarun.com\/pl\/marketing\/pr\/podsumowanie-roku-2010-public-relations.html","title":{"rendered":"Podsumowanie roku 2010: public relations"},"content":{"rendered":"<p><strong>Pawe\u0142 Trochimiuk, prezes Partner of Promotion<\/strong><\/p>\n<p><strong><img decoding=\"async\" style=\"float: left; margin-top: 3px; margin-bottom: 3px; margin-left: 5px; margin-right: 5px; border: 1px solid black;\" src=\"http:\/\/shortlista.pl\/pr\/trochimiuk.jpg\" alt=\"\" width=\"150\" height=\"154\" title=\"\">Wydarzenie:<\/strong><br \/>Narodziny medi&oacute;w spo\u0142eczno\u015bciowych to kolejna rewolucja komunikacyjna &#8211; po internecie \u2028i komunikacji mobilnej, kt&oacute;r\u0105 mo\u017cna zaobserwowa\u0107. Jeszcze 2 lata temu nie by\u0142o wielu wizjoner&oacute;w, kt&oacute;rzy powiedzieliby, \u017ce w Polsce w 2010 roku managerowie marketingu b\u0119d\u0105 dopominali si\u0119 o obs\u0142ug\u0119 fan page&#8217;u na nikomu &oacute;wcze\u015bnie nieznanym Facebooku. Social media pokaza\u0142y, \u017ce praca managera PR jest fascynuj\u0105ca &#8211; wymaga ci\u0105g\u0142ego obserowowania komunikacji mi\u0119dzy lud\u017ami i uczenia si\u0119 nowych narz\u0119dzi. Pojawi\u0142 si\u0119 ogromny rynek, kt&oacute;rego przysz\u0142y kszta\u0142t nadal jest zagadk\u0105. Nie wiem, czy mimo swej pot\u0119gi Facebook przetrwa. Czy pojawi si\u0119 kolejne rozwi\u0105zania, kt&oacute;re sprawi\u0105, \u017ce Twitter, YouTube z Facebook&#8217;iem odejd\u0105 w zapomnienie?<\/p>\n<p><strong>Niespodzianka:<br \/><\/strong>Mijaj\u0105cy rok cechowa\u0142a nadzieja na ostateczne po\u017cegnanie kryzysu gospodarczego, kt&oacute;ry dotkn\u0105\u0142 bran\u017c\u0119 PR w 2009 roku. Ostatnie dane rynkowe wskazuj\u0105, \u017ce wr&oacute;cili\u015bmy na \u015bcie\u017ck\u0119 szybkiego rozwoju. Niekt&oacute;re firmy przesz\u0142y przez niego z mniejszymi lub wi\u0119kszymi k\u0142opotami. Inne wykorzysta\u0142y go do szybkiego rozwoju. Ca\u0142a bran\u017ca zda\u0142a jednak egzamin.&nbsp;\u2028Nie mieli\u015bmy do czynienia z &#8222;zepsuciem rynku&#8221; czy spektakularnymi upadkami. Zmniejszenie wielu bud\u017cet&oacute;w marketingowych doprowadzi\u0142o raczej do racjonalizacji dzia\u0142a\u0144 i zmusi\u0142o do wi\u0119kszej kreatywno\u015bci. Ca\u0142y obraz rynku prezentuje si\u0119 lepiej ni\u017c mogli\u015bmy oczekiwa\u0107.<\/p>\n<p><strong>Rozczarowanie:<\/strong><br \/>Brak zmiany stosunku polityk&oacute;w do PR, a m&oacute;wi\u0105c dok\u0142adnie, ich ci\u0105g\u0142e mieszanie definicji PR w rozgrywki polityczne. Mimo naszych dzia\u0142a\u0144 monitoruj\u0105cych, w postaci cyklicznego raportu &#8222;PR w ustach polityk&oacute;w&#8221; i prostowania czym jest, a czym nie jest Public Relations, nadal widz\u0119 mylne, cz\u0119sto bardzo negatywne opinie o podmiocie naszej bran\u017cy.<\/p>\n<p>&nbsp;<\/p>\n<p><strong>Katarzyna Przewuska, dyrektor zarz\u0105dzaj\u0105cy Euro RSCG Sensors<\/strong><\/p>\n<p><strong><img decoding=\"async\" style=\"float: left; margin-top: 3px; margin-bottom: 3px; margin-left: 5px; margin-right: 5px; border: 1px solid black;\" src=\"http:\/\/shortlista.pl\/pr\/przewuska.jpg\" alt=\"\" width=\"150\" height=\"158\" title=\"\">Wydarzenie: <\/strong><br \/>Rok 2010 w bran\u017cy medi&oacute;w i public relations zdominowa\u0142a katastrofa smole\u0144ska i przyspieszone wybory prezydenckie, kt&oacute;re na wcze\u015bniej niespotykan\u0105 skal\u0119 odsun\u0119\u0142y na drugi plan bie\u017c\u0105c\u0105 dzia\u0142alno\u015b\u0107 informacyjn\u0105 korporacji. Z wydarze\u0144 globalnych \u015bwiat komunikacji zmieni\u0142y tragiczne trz\u0119sienie ziemi na Haiti, pokazuj\u0105ce po raz kolejny si\u0142\u0119 medi&oacute;w spo\u0142eczno\u015bciowych nie tylko w wymiarze informacyjnym oraz dzia\u0142alno\u015b\u0107 WikiLeaks, sk\u0142aniaj\u0105ca do stawiania fundamentalnych pyta\u0144 o bezpiecze\u0144stwo tajnych informacji, prywatno\u015b\u0107, czy w\u0142asno\u015b\u0107 intelektualn\u0105.<\/p>\n<p><strong>Niespodzianka: <br \/><\/strong>Niespodziank\u0105 roku by\u0142 film &#8222;The Social Network&#8221; prezentuj\u0105cy sylwetk\u0119 Marka Zuckerberga, za\u0142o\u017cyciela serwisu spo\u0142eczno\u015bciowego Facebook &#8211; wci\u0105\u017c retorycznym pozostaje pytanie, narz\u0119dziem w czyjej kampanii public relations by\u0142a ta produkcja?<\/p>\n<p><strong>Rozczarowanie: <br \/><\/strong>S\u0142abszy rok dla bran\u017cy w zagranicznych konkursach public relations. Wydawa\u0107 si\u0119 mo\u017ce, \u017ce kryzys prze\u0142o\u017cy\u0142 si\u0119 na kreatywno\u015b\u0107 rozwi\u0105za\u0144 komunikacyjnych, szkoda jedynie, \u017ce nie doceniono efektywno\u015bci dzia\u0142a\u0144.<\/p>\n<p>&nbsp;<\/p>\n<p><strong>Karolina Siudy\u0142a, prezes zarz\u0105du magnifiCo<\/strong><\/p>\n<p><strong><img decoding=\"async\" style=\"float: left; margin-top: 3px; margin-bottom: 3px; margin-left: 5px; margin-right: 5px; border: 1px solid black;\" src=\"http:\/\/shortlista.pl\/pr\/siudyla.jpg\" alt=\"\" width=\"150\" height=\"158\" title=\"\">Wydarzenie:<\/strong><br \/>Najpi\u0119kniejszym moim zdaniem wydarzeniem w mijaj\u0105cym roku by\u0142a akcja &#8222;Biegn\u0119 dla Kacpra&#8221;, kt&oacute;ra zosta\u0142a przygotowana i zrealizowana przez agencj\u0119 Headlines Porter Novelli. Projekt zas\u0142u\u017cenie nagrodzono statuetkami Z\u0142otych Spinaczy 2010 w kategoriach Event spo\u0142eczny i PR-on line. Ponad 45 tysi\u0119cy os&oacute;b popar\u0142o inicjatyw\u0119 na Facebooku, zaanga\u017cowali si\u0119 w ni\u0105 celebryci, sportowcy, profesorowie, dziennikarze oraz ca\u0142a rzesza ludzi, kt&oacute;rym los ma\u0142ego Kacpra nie by\u0142 oboj\u0119tny. Dzi\u0119ki determinacji rodzic&oacute;w, pracownik&oacute;w agencji i wszystkich zaanga\u017cowanych w akcj\u0119 fan&oacute;w uda\u0142o si\u0119 zebra\u0107 fundusze na zakup pierwszej protezy dla ma\u0142ego ch\u0142opca.<\/p>\n<p><strong>Niespodzianka:<\/strong><br \/>Najwi\u0119ksz\u0105 niespodziank\u0105, poza oczywi\u015bcie rosn\u0105c\u0105 popularno\u015bci\u0105 medi&oacute;w spo\u0142eczno\u015bciowych, by\u0142a kampania &#8222;M&oacute;j pierwszy raz&#8221; stworzona na potrzeby Instytutu Spraw Publicznych. Podoba mi si\u0119, \u017ce pomimo powagi sprawy pracownicy Instytutu zaryzykowali i postawili na dwuznaczno\u015bci. Agencja Young&amp;Rubicam przygotowa\u0142a t\u0119 kampani\u0119 bezp\u0142atnie, w\u0142\u0105czaj\u0105c si\u0119 w ten spos&oacute;b we wzmacnianie spo\u0142ecze\u0144stwa obywatelskiego i promowanie aktywno\u015bci w \u017cyciu publicznym. Spot w zabawny spos&oacute;b &#8211; w formie reporta\u017cowych uj\u0119\u0107 &#8211; prezentowa\u0142 reakcj\u0119 rodziny i najbli\u017cszego otoczenia pary m\u0142odych ludzi na informacj\u0119, i\u017c zdecydowali si\u0119 na sw&oacute;j &#8222;pierwszy raz&#8221;. W finale filmu dowiadywali\u015bmy si\u0119, \u017ce chodzi\u0142o oczywi\u015bcie o pierwsze w \u017cyciu &#8211; po uzyskaniu pe\u0142noletnio\u015bci &#8211; g\u0142osowanie.<\/p>\n<p><strong>Rozczarowanie:<\/strong><br \/>Najtrudniej pisa\u0107 jest o sprawach przykrych, dlatego postawi\u0119 na case, kt&oacute;ry nie boli tak bardzo. Rozczarowa\u0142 mnie brak kreatywno\u015bci, sztampowo\u015b\u0107 i bylejako\u015b\u0107 os&oacute;b odpowiadaj\u0105cych za przygotowanie projekt&oacute;w maskotek na Euro 2012. Znowu si\u0119 nie popisali\u015bmy. Bli\u017aniacza para zosta\u0142a zaprezentowana blisko 40 tysi\u0119cznej widowni przed meczem Polski z Wybrze\u017cem Ko\u015bci S\u0142oniowej na stadionie w Poznaniu. Gwizdom nie by\u0142o ko\u0144ca. Dlaczego? Dlatego, \u017ce nasze maskotki s\u0105 bardzo podobne do tych z Euro 2008 i wszystkie media hucza\u0142y nast\u0119pnego dnia o plagiacie. A wystarczy\u0142o w\u0142\u0105czy\u0107 Baby TV i troch\u0119 pomy\u015ble\u0107&#8230;<\/p>\n<p>&nbsp;<\/p>\n<p><strong>Norbert Ofma\u0144ski, prezes On Board PR Ecco Network<\/strong><\/p>\n<p><strong><img loading=\"lazy\" decoding=\"async\" style=\"float: left; margin-top: 3px; margin-bottom: 3px; margin-left: 5px; margin-right: 5px; border: 1px solid black;\" src=\"http:\/\/shortlista.pl\/pr\/ofmanski.jpg\" alt=\"\" width=\"150\" height=\"155\" title=\"\">Wydarzenie:<\/strong><br \/>Najistotniejszym wydarzeniem w bran\u017cy public relations by\u0142o PR Forum, kt&oacute;re mia\u0142o miejsce 25 listopada w Warszawie. W tym roku w kongresie wzi\u0119\u0142o udzia\u0142 grono \u015bwietnych prelegent&oacute;w z zagranicy, m.in. Jon Silk, Tim Edgar, Jan Hol. Podczas ju\u017c &oacute;smej edycji PR Forum po\u015bwi\u0119conej komunikacji i PR w biznesie podj\u0119to bardzo&nbsp;wa\u017cny temat zintegrowanej komunikacji, a tak\u017ce rosn\u0105cych synergii pomi\u0119dzy komunikacj\u0105 reklamow\u0105 i public relations. Podj\u0119to tak\u017ce tematyk\u0119 nowych trend&oacute;w, jakie pojawi\u0142y si\u0119 w PR. Szczeg&oacute;\u0142owo om&oacute;wiono trzy istotne obszary komunikacji: tworzenie skutecznych strategii, reagowanie w sytuacjach kryzysowych oraz efektywne wykorzystanie medi&oacute;w spo\u0142eczno\u015bciowych.<\/p>\n<p><strong>Niespodzianka:<\/strong><br \/>Ruszy\u0142 proces prywatyzacyjny, kt&oacute;ry ma swoje prze\u0142o\u017cenie na dzia\u0142ania komunikacyjne. Proces ten ma odzwierciedlenie w zwiekszonej ilo\u015bci projekt&oacute;w, a co za tym idzie &#8211; przyczynia si\u0119 do rozwoju praktyk public relations z zakresu corporate PR takich jak cho\u0107by change managment, employer branding, public affairs, comunity relations. Mo\u017cna zauwa\u017cy\u0107 tak\u017ce rozw&oacute;j komunikacji wewn\u0119trznej w firmach zwi\u0105zany cjho\u0107by z wdra\u017caniem warto\u015bci korporacyjnych. To wszystko daje du\u017ce mo\u017cliwo\u015bci rozwoju bran\u017cy PR.<\/p>\n<p><strong>Rozczarowanie:<\/strong><br \/>Dla mnie ogromnym rozczarowaniem jest niesprawiedliwy wizerunek bran\u017cy public relations. Fakt, \u017ce jest ona postrzegana w coraz bardziej negatywnym \u015bwietle. S\u0142owo &#8222;piar&#8221; staje si\u0119 wr\u0119cz obra\u017aliwym sformu\u0142owaniem, obelg\u0105 &#8211; zw\u0142aszcza gdy  skojarzony jest z politycznymi manipulacjami. Politycy u\u017cywaj\u0105 go zamiennie ze s\u0142owami oszustwo, k\u0142amstwo, wprowadzenie w b\u0142\u0105d. Dla nas, pracownik&oacute;w tej bran\u017cy, jest to bardzo krzywdz\u0105ce, dlatego, \u017ce ca\u0142kowicie rozmija si\u0119 z prawd\u0105. Obecnie bran\u017ca stoi przed du\u017cym wyzwaniem &#8211; koniecznie musi zadba\u0107 o to, by ludzie zrozumieli czym public relations jest w swojej istocie, aby nie mylili go z manipulacj\u0105 ani propagand\u0105 polityczn\u0105.<\/p>\n<p>&nbsp;<\/p>\n<p><strong>Pawe\u0142 Tomczuk, dyrektor generalny Ciszewski Financial Communications<\/strong><\/p>\n<p><strong><img loading=\"lazy\" decoding=\"async\" style=\"float: left; margin-top: 3px; margin-bottom: 3px; margin-left: 5px; margin-right: 5px; border: 1px solid black;\" src=\"http:\/\/shortlista.pl\/pr\/tomczuk.jpg\" alt=\"\" width=\"150\" height=\"151\" title=\"\">Wydarzenie:<\/strong> <br \/>Komunikacja wok&oacute;\u0142 sprzeda\u017cy BZ WBK, w kt&oacute;rej uczestniczy\u0142o 3 g\u0142&oacute;wnych graczy: PKO BP, BNP Paribas Fortis oraz Santander Bank\u2028\u2028Polski rynek bankowy jest postrzegany jako jeden z najbardziej perspektywicznych w Europie i w\u0142a\u015bciwie ka\u017cdy potentat, kt&oacute;ry jeszcze nie jest w pe\u0142ni obecny na naszym rynku regularnie poszukuje mo\u017cliwo\u015bci przej\u0119cia jakiego\u015b podmiotu. W sytuacji, gdy okaza\u0142o si\u0119, \u017ce na sprzeda\u017c jest jeden z najwi\u0119kszych polskich bank&oacute;w uniwersalnych do jego zakupu rzucili si\u0119 wszyscy, kt&oacute;rzy dysponowali odpowiednimi \u015brodkami, co w pokryzysowej rzeczywisto\u015bci nie by\u0142o wcale \u0142atwe. Szybko okaza\u0142o si\u0119, \u017ce nie b\u0119dzie to standardowa sprzeda\u017c banku, bo do walki o jego kupno zaanga\u017cowa\u0142o si\u0119 PKO BP wspierane przez polski Rz\u0105d, kt&oacute;rego g\u0142&oacute;wnym przedstawicielem by\u0142 doradca Premiera Jan Krzysztof Bielecki, wcze\u015bniej przez wiele lat Prezes Pekao SA. Temat sprzeda\u017cy sta\u0142 si\u0119 spraw\u0105 narodow\u0105, i cho\u0107 PKO BP ostatecznie przegra\u0142o w wy\u015bcigu o BZ WBK, mogli\u015bmy obserwowa\u0107 bardzo ciekaw\u0105 debat\u0119 na temat gospodarki i przysz\u0142o\u015bci sektora bankowego.<\/p>\n<p><strong> Niespodzianka: <\/strong><br \/>Komunikacja po tragedii w Smole\u0144sku. Osobi\u015bcie uwa\u017cam, \u017ce w tej trudnej sytuacji wszyscy stan\u0119li na wysoko\u015bci zadania, a komunikacja w ci\u0105gu pierwszych 48 godzin po tragedii by\u0142a znakomita i ani przez chwil\u0119 nie odczuwa\u0142o si\u0119 paniki, czy zamieszania. Nie spodziewa\u0142em si\u0119, \u017ce osoby, kt&oacute;re w wielu innych sytuacjach pope\u0142niaj\u0105 b\u0142\u0119dy i zachowuj\u0105 si\u0119 nieprofesjonalnie, b\u0119d\u0105 potrafi\u0142y dzia\u0142a\u0107 tak sprawnie.<\/p>\n<p><strong>Rozczarowanie:<\/strong><br \/>Sprawa krzy\u017ca. Fakt, \u017ce taki temat na kilka tygodni dominuje debat\u0119 publiczn\u0105 i zajmuje czo\u0142owe miejsce we wszystkich polskich mediach nie \u015bwiadczy dobrze, ani o osobach odpowiedzialnych za jego komunikacj\u0119 ani o mediach. Co gorsza dopuszczono do tego, aby w kontek\u015bcie tej sprawy Polska by\u0142a prezentowana w mediach zagranicznych.<\/p>\n<p>&nbsp;<\/p>\n<p><strong>Adam Bodziak, wsp&oacute;\u0142w\u0142a\u015bciciel agencji Sugar &amp; Spice Public Relations<\/strong><\/p>\n<p><strong><img loading=\"lazy\" decoding=\"async\" style=\"float: left; margin-top: 3px; margin-bottom: 3px; margin-left: 5px; margin-right: 5px; border: 1px solid black;\" src=\"http:\/\/shortlista.pl\/pr\/bodziak.jpg\" alt=\"\" width=\"150\" height=\"151\" title=\"\">Wydarzenie: <\/strong><br \/>Event &#8222;Naga prawda o ubezpieczeniach&#8221; prowadzona przez ING \u017bycie. Akcja z manekinami u\u015bwiadamia\u0142a, \u017ce zaledwie co pi\u0105ty Polak jest ubezpieczony na \u017cycie. Ten event pokaza\u0142 nowy trend we wsp&oacute;\u0142czesnej komunikacji &#8211; PR-owe przedsi\u0119wzi\u0119cie, kt&oacute;re wychodzi poza swoje klasyczne ramy staje si\u0119 inspiracj\u0105 do dzia\u0142a\u0144 ATL-owych. Dzia\u0142ania w przestrzeni miejskiej sprowokowa\u0142y marketingowe i zarazem edukacyjne przekazy w telewizji, mediach spo\u0142eczno\u015bciowych oraz prasie<\/p>\n<p><strong>Niespodzianka: <\/strong><br \/>W 2010 mo\u017cna dostrzec coraz wi\u0119cej przyk\u0142ad&oacute;w fajnego promowania polskich region&oacute;w, kt&oacute;re nie kojarz\u0105 si\u0119 z wielkomiejsko\u015bci\u0105. Fajnie, \u017ce \u015brednie i ma\u0142e miasteczka oraz prowincjonalna Polska przestaj\u0105 si\u0119 wstydzi\u0107, a zaczynaj\u0105 by\u0107 dumne z siebie i g\u0142o\u015bno to komunikuj\u0105. Wida\u0107 to po kampaniach takich jak np. Pi\u0119kny Wsch&oacute;d. Bardzo skuteczne PR-owo sta\u0142y si\u0119 dla takich region&oacute;w seriale &#8211; &#8222;Blondynka&#8221;, &#8222;Ojciec Mateusz&#8221;, &#8222;Szpilki na Giewoncie&#8221;.<\/p>\n<p><strong>Rozczarowanie: <\/strong><br \/>Naiwno\u015b\u0107 czo\u0142owych polskich medi&oacute;w w tworzeniu etykiet typu &#8222;Mistrz kreowania swego wizerunku&#8221;. Polityk uznawany przez g\u0142&oacute;wne stacje telewizyjne i prasowe tytu\u0142y jako wirtuoz PR-owego przekazu w\u0142asnej osoby zaraz po odej\u015bciu z rz\u0105dz\u0105cej partii sta\u0142 si\u0119 marginaln\u0105 postaci\u0105. Gdy zabrak\u0142o koalicyjnego wsparcia i koneksji wiara w wizerunkow\u0105 moc sprawcz\u0105 \u015bwi\u0144skich \u0142b&oacute;w i innych jarmarcznych gad\u017cet&oacute;w upad\u0142a.<\/p>\n<p>Inne rozczarowanie to maskotki na Euro 2012 &#8211; bez wyrazu, opr&oacute;cz kolor&oacute;w nijak maj\u0105ce si\u0119 do symboliki Polski i Ukrainy. A wystarczy por&oacute;wna\u0107 np. z maskotk\u0105 olimpiady w Moskwie w 1980 roku. Uznawany za niewyrobiony PR-owo re\u017cim zach\u0119ca\u0142 do igrzysk sympatycznym nied\u017awiadkiem Misz\u0105.<\/p>\n<p>&nbsp;<\/p>\n<p><strong>Agnieszka Szymanowska, TBWAPR<\/strong><\/p>\n<p><strong><img loading=\"lazy\" decoding=\"async\" style=\"float: left; margin-top: 3px; margin-bottom: 3px; margin-left: 5px; margin-right: 5px; border: 1px solid black;\" src=\"http:\/\/shortlista.pl\/pr\/szymanowska.jpg\" alt=\"\" width=\"150\" height=\"156\" title=\"\">Wydarzenie:<\/strong><br \/>Facebook. Jest na ustach i komputerach wszystkich (prawie).<\/p>\n<p><strong>Niespodzianka:<\/strong><br \/>\u0141agodny wyraz twarzy prezesa Kaczy\u0144skiego &#8211; czyli nowy prezes PiS w kampanii prezydenckiej. Wizerunku nie zmienia si\u0119 na dwa miesi\u0105ce. St\u0105d i pora\u017cka wyborcza.<\/p>\n<p><strong>Rozczarowanie:<\/strong><br \/>Pauperyzacja rynku PR, a co za tym idzie zani\u017canie jako\u015bci obs\u0142ugi klient&oacute;w.<\/p>\n<p>&nbsp;<\/p>\n<p><strong>Podsumowania 2010 roku zebrane przez redakcj\u0119 Mediarun.pl:<\/strong><\/p>\n<ul>\n<li>*<strong>&nbsp;<a href=\"http:\/\/wiadomosci.mediarun.pl\/news\/9157,group4\" target=\"_blank\" rel=\"noopener\">TELEWIZJA<\/a><\/strong><\/li>\n<li>*<strong>&nbsp;<a href=\"http:\/\/wiadomosci.mediarun.pl\/news\/9137,group4\" target=\"_blank\" rel=\"noopener\">RADIO<\/a><\/strong><\/li>\n<li>*<strong>&nbsp;<a href=\"http:\/\/wiadomosci.mediarun.pl\/news\/9124,group4\" target=\"_blank\" rel=\"noopener\">PRASA<\/a><\/strong><\/li>\n<li>*<strong>&nbsp;<a href=\"http:\/\/wiadomosci.mediarun.pl\/news\/37857,group2\" target=\"_blank\" rel=\"noopener\">MARKETING<\/a><\/strong><\/li>\n<li>*<strong>&nbsp;<a href=\"http:\/\/wiadomosci.mediarun.pl\/news\/37730,group2\" target=\"_blank\" rel=\"noopener\">AGENCJE REKLAMOWE<\/a><\/strong><\/li>\n<li>*<strong>&nbsp;<a href=\"http:\/\/wiadomosci.mediarun.pl\/news\/37811,group2\" target=\"_blank\" rel=\"noopener\"><strong>DOMY MEDIOWE<\/strong><\/a><\/strong><\/li>\n<li>*<strong>&nbsp;<a href=\"http:\/\/wiadomosci.mediarun.pl\/news\/37748,group2\" target=\"_blank\" rel=\"noopener\"><strong>SOCIAL MEDIA<\/strong><\/a><\/strong><\/li>\n<li>*<strong>&nbsp;<a href=\"http:\/\/wiadomosci.mediarun.pl\/news\/37766,group2\" target=\"_blank\" rel=\"noopener\"><strong>INTERACTIVE<\/strong><\/a><span>&nbsp;<\/span><span style=\"font-weight: normal;\">(cz\u0119\u015b\u0107 1)<\/span><\/strong><\/li>\n<li>*<strong>&nbsp;<a href=\"http:\/\/wiadomosci.mediarun.pl\/news\/37795,group2\" target=\"_blank\" rel=\"noopener\"><strong>INTERACTIVE<\/strong><\/a>&nbsp;<\/strong>(cz\u0119\u015b\u0107 2)<\/li>\n<li>*<strong>&nbsp;<strong><a href=\"http:\/\/wiadomosci.mediarun.pl\/news\/37781,group2\" target=\"_blank\" rel=\"noopener\">PUBLIC RELATIONS<\/a><\/strong><\/strong><\/li>\n<\/ul>\n<p>&nbsp;<\/p>\n","protected":false},"excerpt":{"rendered":"Bran\u017ca PR podsumowuje miniony rok. Oceniaj\u0105 przedstawiciele Partner of Promotion, Euro RSCG Sensors, Magnifico, On Board PR, Ciszewski FC, Sugar &amp; Spice i TBWAPR.","protected":false},"author":1,"featured_media":20713,"comment_status":"open","ping_status":"closed","sticky":false,"template":"","format":"standard","meta":{"csco_display_header_overlay":false,"csco_singular_sidebar":"","csco_page_header_type":"","csco_page_load_nextpost":"","csco_post_video_location":[],"csco_post_video_location_hash":"","csco_post_video_url":"","csco_post_video_bg_start_time":0,"csco_post_video_bg_end_time":0,"footnotes":""},"categories":[9648],"tags":[793],"class_list":{"0":"post-20712","1":"post","2":"type-post","3":"status-publish","4":"format-standard","5":"has-post-thumbnail","7":"category-pr","8":"tag-msl","9":"cs-entry","10":"cs-video-wrap"},"_links":{"self":[{"href":"https:\/\/mediarun.com\/pl\/wp-json\/wp\/v2\/posts\/20712","targetHints":{"allow":["GET"]}}],"collection":[{"href":"https:\/\/mediarun.com\/pl\/wp-json\/wp\/v2\/posts"}],"about":[{"href":"https:\/\/mediarun.com\/pl\/wp-json\/wp\/v2\/types\/post"}],"author":[{"embeddable":true,"href":"https:\/\/mediarun.com\/pl\/wp-json\/wp\/v2\/users\/1"}],"replies":[{"embeddable":true,"href":"https:\/\/mediarun.com\/pl\/wp-json\/wp\/v2\/comments?post=20712"}],"version-history":[{"count":0,"href":"https:\/\/mediarun.com\/pl\/wp-json\/wp\/v2\/posts\/20712\/revisions"}],"wp:featuredmedia":[{"embeddable":true,"href":"https:\/\/mediarun.com\/pl\/wp-json\/wp\/v2\/media\/20713"}],"wp:attachment":[{"href":"https:\/\/mediarun.com\/pl\/wp-json\/wp\/v2\/media?parent=20712"}],"wp:term":[{"taxonomy":"category","embeddable":true,"href":"https:\/\/mediarun.com\/pl\/wp-json\/wp\/v2\/categories?post=20712"},{"taxonomy":"post_tag","embeddable":true,"href":"https:\/\/mediarun.com\/pl\/wp-json\/wp\/v2\/tags?post=20712"}],"curies":[{"name":"wp","href":"https:\/\/api.w.org\/{rel}","templated":true}]}}