{"id":20676,"date":"2010-12-17T00:51:58","date_gmt":"2010-12-16T23:51:58","guid":{"rendered":"https:\/\/mediarun.com\/index.php\/news-posts\/podsumowanie-roku-2010-interactive-czesc-2\/"},"modified":"2010-12-17T00:51:58","modified_gmt":"2010-12-16T23:51:58","slug":"podsumowanie-roku-2010-interactive-czesc-2","status":"publish","type":"post","link":"https:\/\/mediarun.com\/pl\/trendy\/branding\/podsumowanie-roku-2010-interactive-czesc-2.html","title":{"rendered":"Podsumowanie roku 2010: interactive (cz\u0119\u015b\u0107 2)"},"content":{"rendered":"<p><strong>\u0141ukasz Lewandowski, co-managing director K2 Internet<\/strong><\/p>\n<p><strong><img decoding=\"async\" style=\"float: left; margin-top: 3px; margin-bottom: 3px; margin-left: 5px; margin-right: 5px; border: 1px solid black;\" src=\"http:\/\/shortlista.pl\/interactive\/lewandowski.jpg\" alt=\"\" width=\"150\" height=\"158\" title=\"\">Wydarzenie:<\/strong><br \/>Wydarzeniem roku jest Facebook. A konkretnie to, jak szybko zosta\u0142 uznany przez marketer&oacute;w za najlepsz\u0105 platform\u0119 do dzia\u0142a\u0144 marketingowych anno domini 2010.<\/p>\n<p><strong>Niespodzianka:<\/strong><br \/>Niespodziank\u0105 roku jest Facebook. A konkretnie to, jak szybko wypar\u0142 z g\u0142&oacute;w marketer&oacute;w rodzime tuzy, czyli Nasz\u0105-Klas\u0119 i Fotk\u0119.<\/p>\n<p><strong>Rozczarowanie:<\/strong><br \/>Rozczarowaniem roku jest Facebook. A konkretnie to, jak szybko marketerzy zapragn\u0119li zgromadzi\u0107 w nim fan&oacute;w marki, nie maj\u0105c pomys\u0142u co z nimi dalej robi\u0107.<\/p>\n<p>&nbsp;<\/p>\n<p><strong>Patryk Grzeszczuk, strategy planning &#8211; team leader, Hypermedia Isobar<\/strong><\/p>\n<p><strong><img decoding=\"async\" style=\"float: left; margin-top: 3px; margin-bottom: 3px; margin-left: 5px; margin-right: 5px; border: 1px solid black;\" src=\"http:\/\/shortlista.pl\/interactive\/grzeszczuk.jpg\" alt=\"\" width=\"150\" height=\"159\" title=\"\">Wydarzenie:<\/strong><br \/>Wprowadzenie na rynek iPada. Cho\u0107 nie bez kontrowersji, Apple wprowadzi\u0142 na rynek sw&oacute;j nowy produkt, prawdopodobnie stawiaj\u0105c pierwszy krok w kierunku zagospodarowania kolejnego fragmentu przestrzeni u\u017cytkowej konsumenta i wypowiadaj\u0105c partyzanck\u0105 wojn\u0119 ca\u0142ej linii netbook&oacute;w. Cho\u0107 trafno\u015b\u0107 realizowanej strategii zostanie zweryfikowana na przestrzeni najbli\u017cszych paru lat, ju\u017c teraz wida\u0107 spore poruszenie na rynku. <\/p>\n<p>2010 to kolejny rok dominacji medi&oacute;w spo\u0142eczno\u015bciowych. Konsumenci (poj\u0119cie &#8222;internauty&#8221; staje si\u0119 ju\u017c powoli archaizmem) rozumiej\u0105 coraz lepiej specyfik\u0119 sieci i potrafi\u0105 z niej efektywnie korzysta\u0107, jako szeroko rozumianego medium komunikacyjnego. Jednostki komercyjne r&oacute;wnie\u017c coraz pewniej stawiaj\u0105 kolejne kroki w &#8222;socialu&#8221; przedk\u0142adaj\u0105c dzia\u0142ania dedykowane, ponad bezpo\u015brednie konwersje strategii zaczerpni\u0119tych z medi&oacute;w tradycyjnych.<\/p>\n<p>Coraz cz\u0119\u015bciej i ch\u0119tniej &#8222;zabieramy ze sob\u0105&#8221; internet i korzystamy z jego mo\u017cliwo\u015bci poza domem\/stanowiskiem pracy. Staje si\u0119 on naszym priorytetowym \u017ar&oacute;d\u0142em informacji oraz kana\u0142em komunikacyjnym. Trend wyra\u017any poza granicami, powoli zaczyna go\u015bci\u0107 r&oacute;wnie\u017c w Polsce i w najbli\u017cszym czasie zacznie odciska\u0107 pi\u0119tno zar&oacute;wno na technologii (ujednolicenie narz\u0119dzi) i projektowaniu (wi\u0119ksze skupienie na dotarciu do konsument&oacute;w wykorzystuj\u0105cych urz\u0105dzenia przeno\u015bne).<\/p>\n<p><strong>Niespodzianka:<\/strong><br \/>Cho\u0107 rok 2010 wi\u0105\u017ce si\u0119 z du\u017cym post\u0119pem cyfrowym, brak tu wi\u0119kszych zaskocze\u0144. Analizuj\u0105c trendy obowi\u0105zuj\u0105ce na rynku w latach poprzednich mo\u017cna by\u0142o spodziewa\u0107 si\u0119 podobnego obrotu spraw. To cieszy, jak bowiem uczy nas historia ewolucja, a nie rewolucja prowadzi do powstania solidnych konstrukcji<\/p>\n<p><strong>Rozczarowanie:<\/strong><br \/>Niewielkie wykorzystanie komunikacji multikana\u0142owej na rodzimym rynku. O ile bowiem w skali \u015bwiatowej realizacja aktywno\u015bci, obejmuj\u0105cych zbi&oacute;r silnie skorelowanych narz\u0119dzi funkcjonuj\u0105cych w odmiennych \u015brodowiskach jest coraz cz\u0119stsza, o tyle w Polsce podobne realizacje mo\u017cna niemal policzy\u0107 na palcach jednej r\u0119ki. To jednak kwestia czasu, a r&oacute;wnie\u017c i ten trend zawita u nas. Z zainteresowaniem czekam na to, co przyniesie rok 2011.<\/p>\n<p>&nbsp;<\/p>\n<p><strong>Krzysztof Adamus, business development director, Opcom Grupa Eskadra<\/strong><\/p>\n<p><strong><img decoding=\"async\" style=\"float: left; margin-top: 2px; margin-bottom: 2px; margin-left: 5px; margin-right: 5px; border: 1px solid black;\" src=\"http:\/\/shortlista.pl\/interactive\/adamus.jpg\" alt=\"\" width=\"150\" height=\"155\" title=\"\">Wydarzenie: <\/strong><br \/>Tempo w jakim ro\u015bnie Facebook, jak anga\u017cuje kolejne rzesze u\u017cytkownik&oacute;w, kolejne marki i jak po\u0142yka konkurencyjne serwisy spo\u0142eczno\u015bciowe to niew\u0105tpliwe wydarzenie 2010 roku. Jednak na temat Fejsa napisano ju\u017c tak wiele (i pewnie wspomni o nim ka\u017cdy z podsumowuj\u0105cych w tym artykule), \u017ce postanowi\u0142em poszuka\u0107 mniej oczywistego wydarzenia.<\/p>\n<p>Co zatem pr&oacute;cz Facebooka? My\u015bl\u0119, \u017ce w ko\u0144cu co\u015b si\u0119 ruszy\u0142o w temacie mobilnego internetu. Szacuje si\u0119, \u017ce w Polsce z internetu mobilnego korzysta 5 mln os&oacute;b. Dynamicznie ro\u015bnie liczba sprzedanych smartphon&oacute;w, na rynku pojawi\u0142y si\u0119 pierwsze tablety a ceny mobilnych po\u0142\u0105cze\u0144 z internetem przesta\u0142y straszy\u0107. Obserwujemy rozw&oacute;j nowego medium o unikalnych cechach, oferuj\u0105cego zupe\u0142nie nowe marketingowe mo\u017cliwo\u015bci.<\/p>\n<p><strong>Niespodzianka: <\/strong><br \/>Niespodziank\u0105 by\u0142o dla mnie kilka rzeczy. Nie spodziewa\u0142em si\u0119, \u017ce agencj\u0105 roku w MIXX Awards zostanie dom mediowy, \u017ce nie zbankrutuje \u017caden magazyn po\u015bwi\u0119cony tematyce marketingu, \u017ce kampania Paczkobranie odniesie tak du\u017cy sukces po czym odpowiedzialna za ni\u0105 agencja WeAreMedia rozwi\u0105\u017ce umow\u0119 z marketerem z powodu wymuszania nieetycznych dzia\u0142a\u0144, \u017ce stereoskopowe 3D tak szybko wejdzie pod strzechy, \u017ce marka Old Spice kojarz\u0105ca mi si\u0119 z zapachem mojego nie\u017cyj\u0105cego ju\u017c wujka uruchomi tak genialn\u0105 kampani\u0119 w serwisie YouTube i \u017ce film &#8222;Social Network&#8221; na temat Facebooka b\u0119dzie tak interesuj\u0105cy (polecam je\u015bli kto\u015b jeszcze nie ogl\u0105da\u0142 :).<\/p>\n<p><strong>Rozczarowanie: <\/strong><br \/>O pomoc w odpowiedzi na to pytanie poprosi\u0142em moich znajomych za po\u015brednictwem &#8211; a jak\u017ce &#8211; Facebooka:) Z komentarzy mo\u017cna wywnioskowa\u0107, \u017ce najwi\u0119kszym rozczarowaniem minionego roku by\u0142y wyczyny Naszej Klasy oraz \u015aledzika. Trudno si\u0119 z tym nie zgodzi\u0107, bo portal o kt&oacute;rym tr\u0105bi\u0142y w ubieg\u0142ym roku wszystkie media nagle jakby przysn\u0105\u0142. W 2010 roku nk.pl  sprawia\u0142a wra\u017cenie jakby sta\u0142a z boku i przygl\u0105da\u0142a si\u0119 ekspansji Facebooka nie wprowadzaj\u0105c funkcjonalno\u015bci na kt&oacute;re czeka\u0142a bran\u017ca (kampanie rozliczane za efekt, social ads, otwarte API, itd).<\/p>\n<p>&nbsp;<\/p>\n<p><strong>Arkadiusz Lego\u0144, dyrektor ds. strategii, GoldenSubmarine<\/strong><\/p>\n<p><strong><img loading=\"lazy\" decoding=\"async\" style=\"float: left; margin-top: 3px; margin-bottom: 3px; margin-left: 5px; margin-right: 5px; border: 1px solid black;\" src=\"http:\/\/shortlista.pl\/interactive\/legon2.jpg\" alt=\"\" width=\"150\" height=\"157\" title=\"\">Wydarzenie:<br \/><\/strong>Zdecydowanie najwi\u0119kszy wp\u0142yw na rok 2010 mia\u0142 Facebook, kt&oacute;ry wcze\u015bniej trzeba by\u0142o jako\u015b reklamowa\u0107 za pomoc\u0105 kilkudziesi\u0119ciostronicowych prezentacji, a teraz broni si\u0119 sam statystykami. Warto podzi\u0119kowa\u0107 markom, kt&oacute;re zdecydowa\u0142y si\u0119 na tworzenie mechanizm&oacute;w pionierskich w tym niepoznanym jeszcze \u015brodowisku.<\/p>\n<p>Najistotniejsze jest dla mnie to, \u017ce zdarzaj\u0105 si\u0119 managerowie marek, kt&oacute;rzy nie patrz\u0105 na Facebooka przez pryzmat ROI, mimo tego, \u017ce social media mog\u0105 si\u0119 op\u0142aca\u0107 dla marki. Po prostu cieszy mnie zainteresowanie perspektyw\u0105 &#8222;user-centryczn\u0105&#8221; &#8211; marki w briefach zaczynaj\u0105 pyta\u0107 nas o to, co ludzie robi\u0105 na Facebooku i jak ewentualnie mo\u017cna zaistnie\u0107 w tym \u015brodowisku, by nie niszczy\u0107 podstawowych funkcji, jakie w \u017cyciu u\u017cytkownik&oacute;w odgrywaj\u0105 social media &#8211; nie zapominajmy o tym, \u017ce wi\u0119kszo\u015b\u0107, kt&oacute;ra aktywizowa\u0142a si\u0119 na FB w 2010 roku, jest we wczesnej fazie budowania d\u0142ugofalowych relacji &#8211; nie dopu\u015b\u0107my do tego, by rok 2011 by\u0142 rokiem ich wyja\u0142awiania.<\/p>\n<p><strong>Niespodzianka:<\/strong><br \/>Tyle nas\u0142ucha\u0142em si\u0119 o Augmented Reality na konferencjach w roku 2009, a tu nic. My\u015bl\u0119, \u017ce przysz\u0142o\u015b\u0107 i tak p&oacute;jdzie w t\u0119 stron\u0119, czego dowodem jest pojawienie si\u0119 w rozrywce kontroler&oacute;w Move i Kinetic. Wystarczy wyobrazi\u0107 sobie, co mo\u017ce da\u0107 nam ta technologia w e-commerce (mo\u017cliwo\u015b\u015b przymierzenia lub zobaczenia z bliska przedmiotu kupowanego), edukacji (by\u0107 uczestnikiem wyprawy do wn\u0119trza ziemi :), rozrywce (stan\u0105\u0107 na scenie obok gwiazdy pop), wystroju wn\u0119trz (zobaczy\u0107, jak b\u0119dzie wygl\u0105da\u0142 pok&oacute;j po remoncie) i co jeszcze tylko wyobra\u017ania podpowie.<\/p>\n<p><strong>Rozczarowanie:<\/strong><br \/>Uwa\u017cam, \u017ce politycy w dalszym ci\u0105gu bez zrozumienia nazywaj\u0105 Polak&oacute;w, kt&oacute;rzy u\u017cywaj\u0105 internetu internautami, a tych, co z niego nie korzystaj\u0105 &#8211; po prostu Polakami. Gdyby tego podzia\u0142u nie brali pod uwag\u0119, to zamiast wydawa\u0107 pieni\u0105dze na objechanie ca\u0142ej Polski autobusem po to, by poda\u0107 r\u0119k\u0119 swoim zwolennikom w danym regionie i wygenerowa\u0107 wzmiank\u0119 o spotkaniu w wieczornych pasmach informacyjnych TV, mogliby zaproponowa\u0107 Polakom prawdziw\u0105 interaktywn\u0105 uczt\u0119. I nie chodzi mi o sztaby, kt&oacute;re mia\u0142y kilkana\u015bcie milion&oacute;w w bud\u017cetach, ale w\u0142a\u015bnie o te, kt&oacute;re mia\u0142y kilkaset tysi\u0119cy &#8211; ka\u017cdy z bran\u017cy wie, \u017ce z takimi kwotami &#8222;mo\u017cna si\u0119 ju\u017c nie\u017ale pobawi\u0107&#8221;, tworz\u0105c z kampanii prawdziwy spektakl, generuj\u0105cy o wiele wi\u0119cej wzmianek w TV, w prasie, na ulicy i w domach wyborc&oacute;w, o wyborach regionalnych nie wspominaj\u0105c, bo tutaj, opr&oacute;cz w\u0142asnych inicjatyw kandydat&oacute;w polegaj\u0105cych na zak\u0142adaniu kont na FB lub jakich\u015b ma\u0142o sensownych form, na og&oacute;\u0142 na YT (i wpadek), nic szczeg&oacute;lnego nie zwr&oacute;ci\u0142o mojej uwagi. A przecie\u017c ju\u017c 4 lata temu Krzysztof Kononowicz mia\u0142 w Bia\u0142ymstoku prawie 2% poparcia. Panie i Panowie zajmuj\u0105cy si\u0119 zawodowo polityk\u0105: co si\u0119 z wami dzia\u0142o si\u0119 przez te ostatnie lata?<\/p>\n<p>&nbsp;<\/p>\n<p><strong>Agnieszka Wasilewska, managing director MRM Worldwide<\/strong><\/p>\n<p><strong><img loading=\"lazy\" decoding=\"async\" style=\"float: left; margin-top: 3px; margin-bottom: 3px; margin-left: 5px; margin-right: 5px; border: 1px solid black;\" src=\"http:\/\/shortlista.pl\/interactive\/wasilewska.jpg\" alt=\"\" width=\"150\" height=\"158\" title=\"\">Wydarzenie:<\/strong> <br \/>Niew\u0105tpliwie wydarzeniem 2010 roku by\u0142a zmiana podej\u015bcia reklamodawc&oacute;w do Facebooka &#8211; jego &#8222;era&#8221; trwa ju\u017c d\u0142u\u017cszy czas, ale dopiero teraz sta\u0142 si\u0119 on kolejnym, powa\u017cnym medium do kontaktu z internautami. Dzi\u015b to narz\u0119dzie, bez kt&oacute;rego \u017cadna kampania marketingowa nie b\u0119dzie kompletna. Niemal ka\u017cda firma, stacja telewizyjna, gazeta czy radio maj\u0105 w\u0142asny profil na Facebooku, coraz wi\u0119cej jest r&oacute;\u017cnego rodzaju konkurs&oacute;w dla internaut&oacute;w realizowanych w tym serwisie. Dla coraz wi\u0119kszej ilo\u015bci kampanii to w\u0142a\u015bnie Facebook jest filarem. Temat jest na tyle hot i sexy, \u017ce powstaje o nim film. Co nas czeka? Zarabianie na FB &#8211; by\u0107 mo\u017ce ju\u017c nied\u0142ugo obok przycisku &#8222;Lubi\u0119 to&#8221; pojawi si\u0119 przycisk &#8222;Kupuj\u0119 to&#8221;.<\/p>\n<p><strong>Niespodzianka: <\/strong><br \/>Od jakiego\u015b czasu obserwujemy coraz to wyra\u017aniejszy trend &#8211; dostawcy prostych us\u0142ug marketingowych przekszta\u0142caj\u0105 si\u0119 w agencje full-service, oferuj\u0105ce us\u0142ugi 360 stopni. To a\u017c tak bardzo nie dziwi, taki rozw&oacute;j wydarze\u0144 mo\u017cna by\u0142o przewidzie\u0107. Zastanawia natomiast &#8222;druga strona&#8221; &#8211; uznani klienci, kt&oacute;rzy decyduj\u0105 si\u0119 na zakup pe\u0142nego wachlarza us\u0142ug w takich firmach to ju\u017c zaskoczenie. Oczywi\u015bcie, ka\u017cdy dostawca mo\u017ce by\u0107 agencj\u0105 360&ordm;, natomiast nie ka\u017cdy powinien.<\/p>\n<p><strong>Rozczarowanie: <\/strong><br \/>Wzrost wydatk&oacute;w w 2010 na dzia\u0142ania w internecie nie prze\u0142o\u017cy\u0142 si\u0119 niestety na zwi\u0119kszenie biznesu dla agencji interaktywnych. W dalszym ci\u0105gu klienci wydaj\u0105 ogromne pieni\u0105dze na media, chc\u0105c pojawi\u0107 si\u0119 w najwy\u017cej pozycjonowanych portalach, nie przeznaczaj\u0105c ju\u017c zbyt du\u017cych \u015brodk&oacute;w na produkcj\u0119. Decyduj\u0105 si\u0119 na standardowe formy, nie wykorzystuj\u0105 potencja\u0142u internetu i niestandardowych mo\u017cliwo\u015bci oferowanych przez agencje interaktywne. Ponadto, co najbardziej zaskakuj\u0105ce, mimo boomu i mody na social media, kt&oacute;re zawdzi\u0119czamy g\u0142ownie Facebookowi, wi\u0119kszo\u015b\u0107 dzia\u0142a\u0144 biznesowych w tych kana\u0142ach ogranicza si\u0119 do za\u0142o\u017cenia fan page&#8217;a i pozyskania jak najwi\u0119kszej ilo\u015bci fan&oacute;w. I bardzo cz\u0119sto nic dalej z tego nie wynika &#8211; brakuje d\u0142ugofalowych i przemy\u015blanych dzia\u0142a\u0144 &#8222;uszytych na miar\u0119&#8221;, adresowanych specjalnie dla u\u017cytkownik&oacute;w Facebooka. A w\u0142a\u015bnie w taki spos&oacute;b mo\u017cna zbudowa\u0107 prawdziw\u0105 wi\u0119\u017a z konsumentem i w pe\u0142ni wykorzysta\u0107 potencja\u0142 i mo\u017cliwo\u015bci FB.<\/p>\n<p>&nbsp;<\/p>\n<p><strong>Adam Wysocki, dyrektor zarz\u0105dzaj\u0105cy, Next<\/strong><\/p>\n<p><strong><img loading=\"lazy\" decoding=\"async\" style=\"float: left; margin-top: 3px; margin-bottom: 3px; margin-left: 5px; margin-right: 5px; border: 1px solid black;\" src=\"http:\/\/shortlista.pl\/interactive\/wysocki.jpg\" alt=\"\" width=\"100\" height=\"130\" title=\"\">Wydarzenie:<\/strong><br \/>Wydarzenie roku to w mojej ocenie Forum IAB. Pokazuje ono jak dynamiczn\u0105 ale i za razem d\u0142ug\u0105 drog\u0119 przesz\u0142a ca\u0142a bran\u017ca internetowa. Pierwsza konferencja w 2002 roku, pokaza\u0142a \u017ce co\u015b nowego si\u0119 zrodzi\u0142o, co\u015b co ma swoich przedstawicieli, prelegent&oacute;w r&oacute;\u017cnych temat&oacute;w, ale i s\u0142uchaczy. Grono jednak by\u0142o do\u015b\u0107 ograniczone, wszyscy doskonale si\u0119 znali, a liczba marketer&oacute;w korzystaj\u0105cych z tego kana\u0142u komunikacji mimo wszystko do\u015b\u0107 skromna. Oczywi\u015bcie wszyscy mieli nadziej\u0119, \u017ce reklama internetowa b\u0119dzie si\u0119 rozwija\u0142a dynamicznie, ale chyba nikt do ko\u0144ca nie zdawa\u0142 sobie sprawy \u017ce ju\u017c po kilku latach b\u0119dzie jednym z kluczowych kana\u0142&oacute;w komunikacyjnych. Tegoroczna konferencja pokaza\u0142a, \u017ce rynek internetowy naprawd\u0119 jest du\u017cy, zagraniczni prelegenci z wielu firm, dyskusje, panele, ponad 1000 uczestnik&oacute;w. Po prostu WOW<\/p>\n<p><strong>Niespodzianka:<\/strong><br \/>W sumie niespodziank\u0105 mo\u017ce by\u0107 tak szybkie odbicie bran\u017cy po kryzysie. Oczywi\u015bcie r&oacute;wnie\u017c w komunikacji internetowej by\u0142o wida\u0107, \u017ce ca\u0142a bran\u017ca reklamowa prze\u017cywa ci\u0119\u017ckie momenty, jednak w przypadku intenretu ograniczy\u0142o si\u0119 do mocnego spowolnienia i nieznacznych spadk&oacute;w w reklamie graficznej w 2009 roku. Ju\u017c od pocz\u0105tku 2010 roku wida\u0107 wzrosty i jak na razie wszyscy patrz\u0105 z mniejszym lub wi\u0119kszym optymizmem w przysz\u0142o\u015b\u0107.<\/p>\n<p><strong>Rozczarowanie:<\/strong><br \/>Podziwiam bloger&oacute;w, sam jestem w wolnych chwilach jednym z nich. Pisz\u0105, nie zawsze \u0142atwe teksty i pod publiczk\u0119. Dostrzegaj\u0105 r&oacute;\u017cne, cz\u0119sto kolorowe aspekty naszego \u017cycia i biznesu. Cz\u0119sto przejaskrawiaj\u0105c potrafi\u0105 zwr&oacute;ci\u0107 uwag\u0119 na wa\u017ckie tematy. S\u0105 kolejn\u0105 w\u0142adz\u0105, kt&oacute;ra nie jest od nikogo zale\u017cna. No i tutaj pojawia si\u0119 rozczarowanie. Nigdy nie by\u0142em szczeg&oacute;lnym fanem Kominka, ale podziwia\u0142em go za wytrwa\u0142o\u015b\u0107 i pewnego rodzaju styl, bo tego odm&oacute;wi\u0107 mu nie mo\u017cna. I okazuje si\u0119, \u017ce ta niezale\u017cno\u015b\u0107 mimo wszystko jest na sprzeda\u017c, bo za pieni\u0105dze Burger Kinga Kominek szala\u0142 w USA&#8230;<\/p>\n<p>&nbsp;<\/p>\n<p><strong>Karol Tyde, group account director, Insignia<\/strong><\/p>\n<p><strong><img loading=\"lazy\" decoding=\"async\" style=\"float: left; margin-top: 3px; margin-bottom: 3px; margin-left: 5px; margin-right: 5px; border: 1px solid black;\" src=\"http:\/\/shortlista.pl\/interactive\/tyde.jpg\" alt=\"\" width=\"150\" height=\"155\" title=\"\">Wydarzenie:<br \/> <\/strong>Fenomen, kt&oacute;ry jest na ustach wszystkich i chyba jedyny serwis, kt&oacute;ry zagra\u017ca Google jako strona startowa w przegl\u0105darkach &#8211; Facebook. W ostatnim roku sta\u0142 si\u0119 dla wielu os&oacute;b internetem w internecie. Na pocz\u0105tku roku korzysta\u0142o z niego &#8222;zaledwie&#8221; 400 mln u\u017cytkownik&oacute;w, a ju\u017c w lipcu media informowa\u0142y o przekroczeniu 500 mln. Teraz czekamy na przekroczenie granicy 600 mln facebookowicz&oacute;w.&nbsp;<\/p>\n<p>Do tego film o historii jego powstania i 6 nominacji do Z\u0142otych Glob&oacute;w. Jego s\u0142ynne, chocia\u017c niedoskona\u0142e i pe\u0142ne ogranicze\u0144 API, za kt&oacute;re tak pokocha\u0142y go dzia\u0142y kreatywne i strategiczne agencji interaktywnych, a nienawidz\u0105 developerzy, spowodowa\u0142o, \u017ce nawet Nasza-Klasa si\u0119 obudzi\u0142a i do tej pory straszy tych, kt&oacute;rzy nie zaakceptowali zmian regulaminu.&nbsp;<\/p>\n<p>Ilustracj\u0105 pot\u0119gi Facebooka jest Adidas, kt&oacute;ry otwarcie promuje sw&oacute;j profil na Facebooku na reklamach stadionowych w Hiszpanii.<\/p>\n<p><strong> Niespodzianka: <\/strong><br \/> U\u017cytkownicy Facebooka zacz\u0119li definiowa\u0107 siebie poprzez grupy do, kt&oacute;rych nale\u017c\u0105, a nie &#8211; jak mia\u0142o to miejsce do tej pory &#8211; przez zwyk\u0142e opisy. Jak grzyby po deszczu zacz\u0119\u0142y wyrasta\u0107 likepage firm i brand&oacute;w. Szkoda tylko, \u017ce Facebook daje marketerem stosunkowo niewiele narz\u0119dzi do monitorowania wynik&oacute;w swoich dzia\u0142a\u0144, co z kolei powoduje, \u017ce dalej wi\u0119kszo\u015b\u0107 z nich jako KPI bierze tylko ilo\u015b\u0107 like&#8217;&oacute;w.<\/p>\n<p><strong>Rozczarowanie:&nbsp;<\/strong><br \/>To by\u0142 chyba czarny rok dla bankowo\u015bci internetowej w Polsce. Powa\u017cniejsze awarie swoich system&oacute;w zaliczy\u0142a wi\u0119kszo\u015b\u0107, je\u015bli nie wszystkie wi\u0119ksze banki dzia\u0142aj\u0105ce w naszym kraju. Przelewy z prawid\u0142owymi danymi odbiorc&oacute;w trafia\u0142y do zupe\u0142nie innych os&oacute;b, dublowanie przelew&oacute;w, powtarzaj\u0105ce si\u0119 braki dost\u0119p&oacute;w do kont. Do tego nale\u017cy wspomnie\u0107 o zamieszaniu zwi\u0105zanym z przetargiem na obs\u0142ug\u0119 jednego z najwi\u0119kszych graczy na rynku.<\/p>\n<p><strong> <\/strong><\/p>\n<p><strong> <\/strong><\/p>\n<p><strong> <\/strong><\/p>\n<p><strong><\/p>\n<p>&nbsp;<\/p>\n<p><strong>Podsumowania 2010 roku zebrane przez redakcj\u0119 Mediarun.pl:<\/strong><\/p>\n<ul>\n<li>*<strong>&nbsp;<a href=\"http:\/\/wiadomosci.mediarun.pl\/news\/9157,group4\" target=\"_blank\" rel=\"noopener\">TELEWIZJA<\/a><\/strong><\/li>\n<li>*<strong>&nbsp;<a href=\"http:\/\/wiadomosci.mediarun.pl\/news\/9137,group4\" target=\"_blank\" rel=\"noopener\">RADIO<\/a><\/strong><\/li>\n<li>*<strong>&nbsp;<a href=\"http:\/\/wiadomosci.mediarun.pl\/news\/9124,group4\" target=\"_blank\" rel=\"noopener\">PRASA<\/a><\/strong><\/li>\n<li>*<strong>&nbsp;<a href=\"http:\/\/wiadomosci.mediarun.pl\/news\/37857,group2\" target=\"_blank\" rel=\"noopener\">MARKETING<\/a><\/strong><\/li>\n<li>*<strong>&nbsp;<a href=\"http:\/\/wiadomosci.mediarun.pl\/news\/37730,group2\" target=\"_blank\" rel=\"noopener\">AGENCJE REKLAMOWE<\/a><\/strong><\/li>\n<li>*<strong>&nbsp;<a href=\"http:\/\/wiadomosci.mediarun.pl\/news\/37811,group2\" target=\"_blank\" rel=\"noopener\"><strong>DOMY MEDIOWE<\/strong><\/a><\/strong><\/li>\n<li>*<strong>&nbsp;<a href=\"http:\/\/wiadomosci.mediarun.pl\/news\/37748,group2\" target=\"_blank\" rel=\"noopener\"><strong>SOCIAL MEDIA<\/strong><\/a><\/strong><\/li>\n<li>*<strong>&nbsp;<a href=\"http:\/\/wiadomosci.mediarun.pl\/news\/37766,group2\" target=\"_blank\" rel=\"noopener\"><strong>INTERACTIVE<\/strong><\/a><span>&nbsp;<\/span><span style=\"font-weight: normal;\">(cz\u0119\u015b\u0107 1)<\/span><\/strong><\/li>\n<li>*<strong>&nbsp;<a href=\"http:\/\/wiadomosci.mediarun.pl\/news\/37795,group2\" target=\"_blank\" rel=\"noopener\"><strong>INTERACTIVE<\/strong><\/a>&nbsp;<\/strong><span style=\"font-weight: normal;\">(cz\u0119\u015b\u0107 2)<\/span><\/li>\n<li>*<strong>&nbsp;<strong><a href=\"http:\/\/wiadomosci.mediarun.pl\/news\/37781,group2\" target=\"_blank\" rel=\"noopener\">PUBLIC RELATIONS<\/a><\/strong><\/strong><\/li>\n<\/ul>\n<p><\/strong><\/p>\n<p>&nbsp;<\/p>\n","protected":false},"excerpt":{"rendered":"Prezentujemy drug\u0105 cz\u0119\u015b\u0107 podsumowania roku przez bran\u017c\u0119 interactive, z udzia\u0142em przedstawicieli K2, Hypermedia, Opcom, GoldenSubmarine, MRM Worldwide, Next i Insignia.","protected":false},"author":1,"featured_media":20677,"comment_status":"open","ping_status":"closed","sticky":false,"template":"","format":"standard","meta":{"csco_display_header_overlay":false,"csco_singular_sidebar":"","csco_page_header_type":"","csco_page_load_nextpost":"","csco_post_video_location":[],"csco_post_video_location_hash":"","csco_post_video_url":"","csco_post_video_bg_start_time":0,"csco_post_video_bg_end_time":0,"footnotes":""},"categories":[9658],"tags":[225],"class_list":{"0":"post-20676","1":"post","2":"type-post","3":"status-publish","4":"format-standard","5":"has-post-thumbnail","7":"category-branding","8":"tag-hypermedia-isobar","9":"cs-entry","10":"cs-video-wrap"},"_links":{"self":[{"href":"https:\/\/mediarun.com\/pl\/wp-json\/wp\/v2\/posts\/20676","targetHints":{"allow":["GET"]}}],"collection":[{"href":"https:\/\/mediarun.com\/pl\/wp-json\/wp\/v2\/posts"}],"about":[{"href":"https:\/\/mediarun.com\/pl\/wp-json\/wp\/v2\/types\/post"}],"author":[{"embeddable":true,"href":"https:\/\/mediarun.com\/pl\/wp-json\/wp\/v2\/users\/1"}],"replies":[{"embeddable":true,"href":"https:\/\/mediarun.com\/pl\/wp-json\/wp\/v2\/comments?post=20676"}],"version-history":[{"count":0,"href":"https:\/\/mediarun.com\/pl\/wp-json\/wp\/v2\/posts\/20676\/revisions"}],"wp:featuredmedia":[{"embeddable":true,"href":"https:\/\/mediarun.com\/pl\/wp-json\/wp\/v2\/media\/20677"}],"wp:attachment":[{"href":"https:\/\/mediarun.com\/pl\/wp-json\/wp\/v2\/media?parent=20676"}],"wp:term":[{"taxonomy":"category","embeddable":true,"href":"https:\/\/mediarun.com\/pl\/wp-json\/wp\/v2\/categories?post=20676"},{"taxonomy":"post_tag","embeddable":true,"href":"https:\/\/mediarun.com\/pl\/wp-json\/wp\/v2\/tags?post=20676"}],"curies":[{"name":"wp","href":"https:\/\/api.w.org\/{rel}","templated":true}]}}