{"id":20653,"date":"2010-12-19T17:01:07","date_gmt":"2010-12-19T16:01:07","guid":{"rendered":"https:\/\/mediarun.com\/index.php\/news-posts\/ukonstytuowala-sie-nowa-rada-programowa-tvp\/"},"modified":"2010-12-19T17:01:07","modified_gmt":"2010-12-19T16:01:07","slug":"ukonstytuowala-sie-nowa-rada-programowa-tvp","status":"publish","type":"post","link":"https:\/\/mediarun.com\/pl\/media\/tv\/ukonstytuowala-sie-nowa-rada-programowa-tvp.html","title":{"rendered":"Ukonstytuowa\u0142a si\u0119 nowa Rada Programowa TVP"},"content":{"rendered":"<p>Przewodnicz\u0105cym zosta\u0142 Marek Krawczyk, a jego zast\u0119pcami Krzysztof Magowski i Jan Jakub Wygna\u0144ski.<\/p>\n<p>W pierwszym posiedzeniu nowej Rady Programowej uczestniczyli te\u017c: Jan Dworak, przewodnicz\u0105cy Krajowej Rady Radiofonii i Telewizji, Krzysztof Luft cz\u0142onek KRRiT, p.o. prezesa TVP Bogus\u0142aw Piwowar, cz\u0142onek Zarz\u0105du <a href=\"http:\/\/dlafirm.mediarun.pl\/katalog\/firma\/tvp1,959,1.html\" target=\"_blank\" rel=\"noopener\">TVP<\/a> Pawe\u0142 Paluch a tak\u017ce przedstawiciele anten telewizji publicznej.<\/p>\n<p>W sk\u0142ad Rady Programowej V kadencji weszli: Barbara Bubula, Jacek Fedorowicz, Piotr Gadzinowski, Marek Krawczyk, Krzysztof Magowski, Robert Matejuk, El\u017cbieta Misiak-Bremer, Marcin Przeciszewski, Anna Sobecka, Iwona \u015aledzi\u0144ska-Katarasi\u0144ska, Bo\u017cena Walewska, Jan Wo\u0142ek, Marek W&oacute;jcik, Jan Jakub Wygna\u0144ski, Marian Zalewski.<\/p>\n","protected":false},"excerpt":{"rendered":"Rada Programowa Telewizji Polskiej podczas inauguracyjnego posiedzenia 17 grudnia 2010 r. wybra\u0142a spo\u015br&oacute;d swoich przedstawicieli sk\u0142ad Prezydium.","protected":false},"author":1,"featured_media":20654,"comment_status":"open","ping_status":"closed","sticky":false,"template":"","format":"standard","meta":{"csco_display_header_overlay":false,"csco_singular_sidebar":"","csco_page_header_type":"","csco_page_load_nextpost":"","csco_post_video_location":[],"csco_post_video_location_hash":"","csco_post_video_url":"","csco_post_video_bg_start_time":0,"csco_post_video_bg_end_time":0,"footnotes":""},"categories":[9670],"tags":[407,392],"class_list":{"0":"post-20653","1":"post","2":"type-post","3":"status-publish","4":"format-standard","5":"has-post-thumbnail","7":"category-tv","8":"tag-krrit","9":"tag-tvp","10":"cs-entry","11":"cs-video-wrap"},"_links":{"self":[{"href":"https:\/\/mediarun.com\/pl\/wp-json\/wp\/v2\/posts\/20653","targetHints":{"allow":["GET"]}}],"collection":[{"href":"https:\/\/mediarun.com\/pl\/wp-json\/wp\/v2\/posts"}],"about":[{"href":"https:\/\/mediarun.com\/pl\/wp-json\/wp\/v2\/types\/post"}],"author":[{"embeddable":true,"href":"https:\/\/mediarun.com\/pl\/wp-json\/wp\/v2\/users\/1"}],"replies":[{"embeddable":true,"href":"https:\/\/mediarun.com\/pl\/wp-json\/wp\/v2\/comments?post=20653"}],"version-history":[{"count":0,"href":"https:\/\/mediarun.com\/pl\/wp-json\/wp\/v2\/posts\/20653\/revisions"}],"wp:featuredmedia":[{"embeddable":true,"href":"https:\/\/mediarun.com\/pl\/wp-json\/wp\/v2\/media\/20654"}],"wp:attachment":[{"href":"https:\/\/mediarun.com\/pl\/wp-json\/wp\/v2\/media?parent=20653"}],"wp:term":[{"taxonomy":"category","embeddable":true,"href":"https:\/\/mediarun.com\/pl\/wp-json\/wp\/v2\/categories?post=20653"},{"taxonomy":"post_tag","embeddable":true,"href":"https:\/\/mediarun.com\/pl\/wp-json\/wp\/v2\/tags?post=20653"}],"curies":[{"name":"wp","href":"https:\/\/api.w.org\/{rel}","templated":true}]}}