{"id":206156,"date":"2026-03-17T12:30:07","date_gmt":"2026-03-17T11:30:07","guid":{"rendered":"https:\/\/mediarun.com\/pl\/?p=206156"},"modified":"2026-03-16T10:07:23","modified_gmt":"2026-03-16T09:07:23","slug":"wp-sportowefakty-sciagneli-najlepszego-wilkowicz-nowym-redaktorem-naczelnym-serwisu","status":"publish","type":"post","link":"https:\/\/mediarun.com\/pl\/ludzie\/kariera\/wp-sportowefakty-sciagneli-najlepszego-wilkowicz-nowym-redaktorem-naczelnym-serwisu.html","title":{"rendered":"WP SPORTOWEFAKTY &#8211; \u015aci\u0105gn\u0119li najlepszego. Wilkowicz nowym redaktorem naczelnym serwisu"},"content":{"rendered":"<p><em>Wirtualna Polska og\u0142osi\u0142a istotn\u0105 zmian\u0119 na fotelu szefa jednego z najpoczytniejszych serwis\u00f3w sportowych w Polsce. <b>Pawe\u0142 Wilkowicz<\/b> \u2013 dziennikarz z ponad <b>20-letnim<\/b> do\u015bwiadczeniem, laureat presti\u017cowej Nagrody im. Bohdana Tomaszewskiego i by\u0142y szef redakcji <b>Viaplay Polska<\/b> \u2013 obejmie stanowisko redaktora naczelnego <b>WP SportoweFakty<\/b> w kwietniu <b>2026 roku<\/b>. To jeden z wa\u017cniejszych ruch\u00f3w kadrowych w polskich mediach sportowych w ostatnich miesi\u0105cach, kt\u00f3ry wzmocni pozycj\u0119 serwisu w obszarze produkcji multimedialnej.<\/em><\/p>\n<h2>Transfer z klas\u0105<\/h2>\n<p>Marzec <b>2026 roku<\/b> przynosi znacz\u0105c\u0105 zmian\u0119 w strukturze redakcyjnej <b>Wirtualnej Polski<\/b>. Jak poinformowa\u0142o biuro prasowe holdingu, <b>Pawe\u0142 Wilkowicz<\/b> do\u0142\u0105czy do zespo\u0142u <b>WP SportoweFakty<\/b> i obejmie fotel redaktora naczelnego serwisu. Prac\u0119 w nowej redakcji dziennikarz rozpocznie w <b>kwietniu<\/b>. Zast\u0105pi <b>Dawida G\u00f3r\u0119<\/b>, kt\u00f3ry przez ponad <b>trzy lata<\/b> z powodzeniem kierowa\u0142 serwisem i obejmie teraz stanowisko zast\u0119pcy naczelnego.<\/p>\n<p>To powr\u00f3t do\u015bwiadczonego mened\u017cera medi\u00f3w do \u015brodowiska, kt\u00f3re doskonale zna. <b>Wilkowicz<\/b> wnosi do redakcji kompetencje rzadko spotykane w jednej osobie \u2013 \u0142\u0105czy warsztat reporterski najwy\u017cszej pr\u00f3by z do\u015bwiadczeniem zarz\u0105dczym zdobytym przy budowie redakcji od zera w <b>Viaplay<\/b>. Nie bez powodu w komunikacie prasowym <b>Wirtualnej Polski<\/b> szczeg\u00f3lnie podkre\u015blono jego umiej\u0119tno\u015bci w obszarze produkcji multimedialnych.<\/p>\n<blockquote><p><em>&#8222;Pawe\u0142 Wilkowicz to dziennikarz i mened\u017cer z do\u015bwiadczeniem w kierowaniu du\u017cymi serwisami sportowymi oraz rozwijaniu projekt\u00f3w wideo. Jego kompetencje \u2013 zar\u00f3wno reporterskie, jak i zarz\u0105dcze \u2013 maj\u0105 wzmocni\u0107 redakcj\u0119 WP SportoweFakty, przede wszystkim w obszarze produkcji multimedialnych.&#8221;<\/em> \u2013 <b>Biuro Prasowe Wirtualnej Polski<\/b>, komunikat z dnia <b>12 marca 2026<\/b>.<\/p><\/blockquote>\n<h2>Ponad dwie dekady na szczytach dziennikarstwa sportowego<\/h2>\n<p>Kariera <b>Paw\u0142a Wilkowicza<\/b> to podr\u00f3\u017c przez najwa\u017cniejsze redakcje polskich medi\u00f3w sportowych. Urodzony w <b>1979 roku w Lublinie<\/b> dziennikarz \u2013 absolwent stosunk\u00f3w mi\u0119dzynarodowych na <b>Uniwersytecie Warszawskim<\/b> \u2013 pierwsze kroki stawia\u0142 w <b>Polskiej Agencji Prasowej<\/b>, gdzie trafi\u0142 jeszcze podczas studi\u00f3w, w <b>2001 roku<\/b>. Ju\u017c trzy lata p\u00f3\u017aniej, w <b>2004 roku<\/b>, zawodowo zwi\u0105za\u0142 swoj\u0105 karier\u0119 ze sportem.<\/p>\n<p>Przez wiele lat by\u0142 twarz\u0105 dzia\u0142u sportowego <b>Rzeczpospolitej<\/b>, gdzie pe\u0142ni\u0142 funkcj\u0119 zast\u0119pcy kierownika tego dzia\u0142u. To tam wyrobi\u0142 sobie renom\u0119 jako jeden z najlepszych pisz\u0105cych o pi\u0142ce no\u017cnej, ale te\u017c o lekkoatletyce czy sportach zimowych. R\u00f3wnocze\u015bnie, w latach <b>2005\u20132008<\/b>, prowadzi\u0142 w <b>TVN<\/b> popularny magazyn <em>Orange Ekstraklasa<\/em> \u2013 co pokazywa\u0142o, \u017ce telewizja i nowe formaty medialne zawsze by\u0142y w jego kr\u0119gu zainteresowa\u0144.<\/p>\n<p>Prze\u0142omem w karierze okaza\u0142 si\u0119 rok <b>2013<\/b> i do\u0142\u0105czenie do <b>Sport.pl<\/b>, nale\u017c\u0105cego do <b>Grupy Agora<\/b>. Przez kolejne <b>12 lat<\/b> \u2013 z przerw\u0105 na przygod\u0119 z <b>Viaplay<\/b> \u2013 ten serwis sta\u0142 si\u0119 jego zawodowym domem. Jesieni\u0105 <b>2018 roku<\/b> obj\u0105\u0142 stanowisko redaktora naczelnego <em>Sport.pl<\/em>, kt\u00f3re zajmowa\u0142 do po\u0142owy <b>2021 roku<\/b>. W tym czasie redakcja rozwin\u0119\u0142a autorskie formaty wideo, m.in. kultowy cykl wywiad\u00f3w <em>Wilkowicz Sam na Sam<\/em>, kt\u00f3ry zdoby\u0142 du\u017c\u0105 rzesz\u0119 fan\u00f3w.<\/p>\n<blockquote><p><em>&#8222;W trakcie rozm\u00f3w prowadzonych z zespo\u0142em NENT Group zrozumia\u0142em, \u017ce mamy bardzo podobne pomys\u0142y na to, w jaki spos\u00f3b tworzy\u0107 dobre, dostarczaj\u0105ce rozrywki, a zarazem anga\u017cuj\u0105ce odbiorc\u00f3w tre\u015bci.&#8221;<\/em> \u2013 <b>Pawe\u0142 Wilkowicz<\/b>, komentarz przy przej\u015bciu do <b>Viaplay<\/b> w <b>2021 roku<\/b>.<\/p><\/blockquote>\n<h2>Pionierski projekt w Viaplay i powr\u00f3t do Sport.pl<\/h2>\n<p>W lipcu <b>2021 roku<\/b> <b>Wilkowicz<\/b> zdecydowa\u0142 si\u0119 na odwa\u017cny krok \u2013 odszed\u0142 ze <b>Sport.pl<\/b>, by obj\u0105\u0107 funkcj\u0119 <em>Sport Editor in Chief<\/em> w dopiero startuj\u0105cej w Polsce platformie streamingowej <b>Viaplay<\/b>. Sta\u0142 si\u0119 tw\u00f3rc\u0105 czego\u015b zupe\u0142nie nowego na polskim rynku: redakcji sportowej platformy streamingowej, kt\u00f3ra w szczytowym momencie liczy\u0142a kilkadziesi\u0105t os\u00f3b. <b>Viaplay<\/b> transmitowa\u0142a mecze <b>Bundesligi<\/b>, rozgrywki Ligi Europy i Ligi Konferencji UEFA, a od <b>2023 roku<\/b> r\u00f3wnie\u017c wy\u015bcigi <b>Formu\u0142y 1<\/b> \u2013 a wi\u0119c tre\u015bci z najwy\u017cszej p\u00f3\u0142ki sportowej.<\/p>\n<p>\u015arodowisko oceni\u0142o ten ruch jednoznacznie. <b>Micha\u0142 Pol<\/b>, jeden z tw\u00f3rc\u00f3w Kana\u0142u Sportowego, m\u00f3wi\u0142 w\u00f3wczas, \u017ce <b>Viaplay<\/b> pozyska\u0142o cz\u0142owieka na w\u0142a\u015bciwe miejsce, rasowego dziennikarza z niekwestionowanym autorytetem. <b>Miros\u0142aw \u017bukowski<\/b> z dzia\u0142u sportowego <b>Rzeczpospolitej<\/b> podkre\u015bla\u0142 z kolei, \u017ce powo\u0142anie <b>Wilkowicza<\/b> na ka\u017cde stanowisko jest dobrym ruchem, bo to znakomity dziennikarz i m\u0105dry cz\u0142owiek, sprawdzaj\u0105cy si\u0119 w ka\u017cdej roli.<\/p>\n<p>Kiedy <b>Viaplay<\/b> zdecydowa\u0142o si\u0119 w <b>2025 roku<\/b> wycofa\u0107 z polskiego rynku, <b>Wilkowicz<\/b> wr\u00f3ci\u0142 w pa\u017adzierniku <b>2025 roku<\/b> do <b>Grupy Agora<\/b> \u2013 tym razem na stanowisko dyrektora ds. rozwoju <em>Sport.pl<\/em>, z misj\u0105 rozbudowy multimedialnej oferty serwisu w obszarze wideo i audio. Po zaledwie p\u00f3\u0142 roku przyszed\u0142 nowy rozdzia\u0142 \u2013 i nowa oferta, tym razem ju\u017c od <b>Wirtualnej Polski<\/b>.<\/p>\n<h2>Nagrody i dorobek dzienniarski<\/h2>\n<p>Dorobek zawodowy <b>Paw\u0142a Wilkowicza<\/b> to nie tylko stanowiska, lecz przede wszystkim uznanie ze strony \u015brodowiska. W <b>2017 roku<\/b> zdoby\u0142 <b>Nagrod\u0119 im. Bohdana Tomaszewskiego<\/b> dla najlepszego dziennikarza sportowego w konkursie <b>Grand Press<\/b> \u2013 jednym z najbardziej presti\u017cowych w polskiej bran\u017cy medialnej. Na jego koncie znalaz\u0142y si\u0119 te\u017c <em>MediaTory<\/em> oraz <b>Nagroda im. Andrzeja Woyciechowskiego<\/b>.<\/p>\n<p>Jako korespondent <b>Wilkowicz<\/b> relacjonowa\u0142 igrzyska olimpijskie oraz pi\u0142karskie mistrzostwa \u015bwiata i Europy. Efektem wieloletniego zainteresowania sylwetk\u0105 <b>Roberta Lewandowskiego<\/b> jest nieautoryzowana biografia pi\u0142karza pt. <em>Nienasycony<\/em> \u2013 wydawnicze przedsi\u0119wzi\u0119cie, kt\u00f3re umocni\u0142o jego pozycj\u0119 jako jednego z najlepszych pisz\u0105cych o polskim sporcie.<\/p>\n<ul>\n<li><b>Nagroda im. Bohdana Tomaszewskiego<\/b> \u2013 najlepszy dziennikarz sportowy, Grand Press <b>2017<\/b><\/li>\n<li><b>MediaTory<\/b> \u2013 nagroda bran\u017cowa dla wyr\u00f3\u017cniaj\u0105cych si\u0119 dziennikarzy medialnych<\/li>\n<li><b>Nagroda im. Andrzeja Woyciechowskiego<\/b> \u2013 presti\u017cowe wyr\u00f3\u017cnienie dziennikarskie<\/li>\n<li>Korespondent na <b>igrzyskach olimpijskich<\/b> oraz mistrzostwach \u015bwiata i Europy w pi\u0142ce no\u017cnej<\/li>\n<li>Autor biografii <em>Nienasycony<\/em> \u2013 o <b>Robercie Lewandowskim<\/b><\/li>\n<\/ul>\n<h2>WP SportoweFakty \u2013 lider, kt\u00f3ry musi si\u0119 rozwija\u0107<\/h2>\n<p><b>WP SportoweFakty<\/b> to od lat niekwestionowany lider polskich serwis\u00f3w sportowych. Dane <b>Mediapanelu<\/b> wskazuj\u0105, \u017ce tre\u015bci sportowe <b>Wirtualnej Polski<\/b> regularnie przyci\u0105gaj\u0105 ponad <b>8 milion\u00f3w unikalnych u\u017cytkownik\u00f3w miesi\u0119cznie<\/b> \u2013 w samym marcu serwis po raz kolejny zaj\u0105\u0142 pierwsze miejsce w\u015br\u00f3d polskich serwis\u00f3w sportowych. Na profilu spo\u0142eczno\u015bciowym serwisu <b>WP SportoweFakty<\/b> na Facebooku \u015bledzi ponad <b>876 tysi\u0119cy<\/b> fan\u00f3w.<\/p>\n<p>Mimo dominuj\u0105cej pozycji rynkowej wyzwania przed nowym naczelnym s\u0105 realne. Cyfryzacja konsumpcji tre\u015bci sportowych post\u0119puje w b\u0142yskawicznym tempie, a widzowie coraz ch\u0119tniej si\u0119gaj\u0105 po wideo, podcasty i interaktywne formaty. To w\u0142a\u015bnie w tych obszarach <b>Wilkowicz<\/b> ma wzmocni\u0107 redakcj\u0119 \u2013 i trudno wyobrazi\u0107 sobie cz\u0142owieka, kt\u00f3ry do tego zadania pasowa\u0142by lepiej.<\/p>\n<blockquote><p><em>&#8222;Nagroda im. Bohdana Tomaszewskiego, MediaTory, Nagroda im. Andrzeja Woyciechowskiego \u2013 to znacz\u0105ce wyr\u00f3\u017cnienia, kt\u00f3re potwierdzaj\u0105 wyj\u0105tkowy warsztat i autorytety dziennikarskie Paw\u0142a Wilkowicza w \u015brodowisku sportowym.&#8221;<\/em> \u2013 <b>Omediach.info<\/b>, pa\u017adziernik <b>2025<\/b>.<\/p><\/blockquote>\n<h2>Rynek medi\u00f3w cyfrowych w Polsce ro\u015bnie. Sportowefakty w centrum zmiany<\/h2>\n<p>Wej\u015bcie <b>Wilkowicza<\/b> do <b>WP SportoweFakty<\/b> wpisuje si\u0119 w szerszy trend transformacji polskiego rynku medi\u00f3w. Wed\u0142ug raportu <b>PwC<\/b> <em>Global Entertainment &amp; Media Outlook 2025\u20132029<\/em> (pa\u017adziernik <b>2025<\/b>), warto\u015b\u0107 polskiego rynku rozrywki i medi\u00f3w wyniesie w <b>2025 roku 68,5 mld z\u0142<\/b>, a prognozowany wzrost reklamy internetowej si\u0119gnie <b>8,8 proc.<\/b> rocznie do <b>2029 roku<\/b> \u2013 najszybciej spo\u015br\u00f3d wszystkich segment\u00f3w tego rynku.<\/p>\n<p>Szczeg\u00f3lnie dynamicznie rozwija si\u0119 segment wideo online. Z tego samego raportu <b>PwC<\/b> wynika, \u017ce rynek us\u0142ug <b>OTT wideo<\/b> w Polsce notuje trzeci najwy\u017cszy prognozowany wzrost przychod\u00f3w \u2013 na poziomie <b>4,8 proc. CAGR<\/b> w latach <b>2025\u20132029<\/b>, a model <b>AVOD<\/b> (reklamy wspieraj\u0105ce ta\u0144sze subskrypcje) ma rosn\u0105\u0107 a\u017c o <b>17,7 proc.<\/b> rocznie. To segment, w kt\u00f3rym <b>Wilkowicz<\/b> budowa\u0142 swoje kompetencje zarz\u0105dcze przez ostatnich kilka lat.<\/p>\n<p>Rynek reklamy internetowej w Polsce ro\u015bnie najdynamiczniej w ca\u0142ej Europie \u015arodkowo-Wschodniej. Ca\u0142kowite przychody z tego segmentu wynios\u0142y <b>9 mld z\u0142<\/b> w <b>2023 roku<\/b> i maj\u0105 osi\u0105gn\u0105\u0107 <b>16 mld z\u0142 do 2028 roku<\/b>, rosn\u0105c w tempie <b>12,2 proc. CAGR<\/b> \u2013 wynika z raportu <b>PwC<\/b> <em>Global Entertainment &amp; Media Outlook 2024\u20132028<\/em>. Dla serwis\u00f3w takich jak <b>WP SportoweFakty<\/b>, kt\u00f3re finansowane s\u0105 w du\u017cej mierze z reklam digitalowych, to strategiczny kontekst wzrostu.<\/p>\n<h2>Dawid G\u00f3ra \u2013 misja wykonana, nowe wyzwanie<\/h2>\n<p>Zmiana na czele redakcji nie oznacza po\u017cegnania z <b>Dawidem G\u00f3r\u0105<\/b>, kt\u00f3ry przez ponad <b>trzy lata<\/b> sprawnie kierowa\u0142 <b>WP SportoweFakty<\/b>. Do\u015bwiadczony redaktor obejmie stanowisko zast\u0119pcy naczelnego i b\u0119dzie wspiera\u0107 <b>Wilkowicza<\/b> w kierowaniu serwisem. Takie rozwi\u0105zanie \u2013 zachowanie ci\u0105g\u0142o\u015bci przy jednoczesnym wprowadzeniu nowej energii \u2013 sprzyja stabilno\u015bci redakcji i pozwala unikn\u0105\u0107 turbulencji operacyjnych, kt\u00f3re cz\u0119sto towarzysz\u0105 zmianom personalnym.<\/p>\n<p>To te\u017c sygna\u0142, \u017ce <b>Wirtualna Polska<\/b> podchodzi do tej zmiany z namys\u0142em. Bud\u017cet zwi\u0105zany z pozyskaniem <b>Wilkowicza<\/b> trudno precyzyjnie oszacowa\u0107, jednak bior\u0105c pod uwag\u0119 jego pozycj\u0119 rynkow\u0105 i dorobek \u2013 wynagrodzenie redaktora naczelnego czo\u0142owego polskiego serwisu sportowego mo\u017cna szacowa\u0107 w przedziale <b>30\u201350 tys. z\u0142 brutto miesi\u0119cznie<\/b>, co jest standardem dla mened\u017cer\u00f3w medi\u00f3w o podobnym profilu i skali odpowiedzialno\u015bci.<\/p>\n<h2>Strategia Grupy WP: multimedia i technologia na pierwszym planie<\/h2>\n<p><b>Wirtualna Polska Holding<\/b> \u2013 sp\u00f3\u0142ka notowana na <b>GPW w Warszawie<\/b> \u2013 w ca\u0142ym <b>2024 roku<\/b> osi\u0105gn\u0119\u0142a <b>1,568 mld z\u0142 przychod\u00f3w<\/b> ze sprzeda\u017cy, co oznacza wzrost o <b>9,2 proc.<\/b> rok do roku. Segment reklamy i subskrypcji, do kt\u00f3rego zalicza si\u0119 <b>WP SportoweFakty<\/b>, wygenerowa\u0142 w tym czasie <b>745,7 mln z\u0142<\/b> przychod\u00f3w. W samym trzecim kwartale <b>2025 roku<\/b> holding odnotowa\u0142 ju\u017c <b>716,1 mln z\u0142 przychod\u00f3w got\u00f3wkowych<\/b>, co oznacza\u0142o wzrost o niemal <b>67 proc.<\/b> rok do roku \u2013 nap\u0119dzany przede wszystkim przez segment turystyczny po przej\u0119ciu <b>Invia Group<\/b>.<\/p>\n<p>W komunikatach zarz\u0105du prezes <b>Jacek \u015awiderski<\/b> podkre\u015bla\u0142, \u017ce holding konsekwentnie zwi\u0119ksza zatrudnienie w obszarach produktu i technologii. Inwestycje w nowe formaty multimedialne, perfomarketing wspierany AI w ramach projektu <em>WP Boostera<\/em> czy narz\u0119dzia self-serve wskazuj\u0105 na kierunek, w kt\u00f3rym zmierza ca\u0142a organizacja. Przybycie <b>Wilkowicza<\/b> do <b>WP SportoweFakty<\/b> jest sp\u00f3jne z t\u0105 strategi\u0105 \u2013 wzmacnia kompetencje multimedialne w kluczowym serwisie holdingu.<\/p>\n<p><em><b>Wirtualna Polska Holding S.A.<\/b><\/em><\/p>\n<p><b>Wirtualna Polska<\/b> to holding technologiczny z siedzib\u0105 przy <b>ul. \u017bwirki i Wigury 16 w Warszawie<\/b>, \u015bwi\u0119tuj\u0105cy w <b>2025 roku<\/b> swoje <b>30-lecie<\/b>. Sp\u00f3\u0142ka notowana na <b>Gie\u0142dzie Papier\u00f3w Warto\u015bciowych w Warszawie<\/b> prowadzi dzia\u0142alno\u015b\u0107 mediow\u0105, reklamow\u0105 i e-commerce. Jest w\u0142a\u015bcicielem strony g\u0142\u00f3wnej <b>WP<\/b> oraz serwis\u00f3w tematycznych: <b>money.pl<\/b>, <b>WP SportoweFakty<\/b>, <b>benchmark.pl<\/b>. Holding rozwija tak\u017ce us\u0142ugi subskrypcyjne \u2013 m.in. poprzez sp\u00f3\u0142ki <b>Audioteka<\/b> i <b>Patronite<\/b>. W obszarze e-commerce dzia\u0142a g\u0142\u00f3wnie w turystyce (wakacje.pl, <b>Szallas Group<\/b>, <b>nocowanie.pl<\/b>) i finansach konsumenckich (superauto.pl, totalmoney.pl). <b>WP<\/b> nadaje r\u00f3wnie\u017c <em>Telewizj\u0119 WP<\/em>, dost\u0119pn\u0105 naziemnie, na platformach cyfrowych i w sieciach kablowych. Zatrudnia ponad <b>2 000 pracownik\u00f3w<\/b>. Ciekawostka: w <b>2024 roku<\/b> holding zap\u0142aci\u0142 wi\u0119cej podatku CIT w Polsce ni\u017c <b>Google Poland<\/b>.<\/p>\n","protected":false},"excerpt":{"rendered":"Wirtualna Polska og\u0142osi\u0142a istotn\u0105 zmian\u0119 na fotelu szefa jednego z najpoczytniejszych serwis\u00f3w sportowych w Polsce. Pawe\u0142 Wilkowicz \u2013&hellip;","protected":false},"author":48,"featured_media":206162,"comment_status":"open","ping_status":"closed","sticky":false,"template":"","format":"standard","meta":{"csco_display_header_overlay":false,"csco_singular_sidebar":"","csco_page_header_type":"","csco_page_load_nextpost":"","csco_post_video_location":[],"csco_post_video_location_hash":"","csco_post_video_url":"","csco_post_video_bg_start_time":0,"csco_post_video_bg_end_time":0,"footnotes":""},"categories":[9678,5909,9677],"tags":[4341,14518,6011,594,7626],"class_list":{"0":"post-206156","1":"post","2":"type-post","3":"status-publish","4":"format-standard","5":"has-post-thumbnail","7":"category-awanse","8":"category-kariera","9":"category-ludzie","10":"tag-grupa-wirtualna-polska","11":"tag-pawel-wilkowicz","12":"tag-redaktor-naczelny","13":"tag-wirtualna-polska","14":"tag-wp-sportowefakty","15":"cs-entry","16":"cs-video-wrap"},"_links":{"self":[{"href":"https:\/\/mediarun.com\/pl\/wp-json\/wp\/v2\/posts\/206156","targetHints":{"allow":["GET"]}}],"collection":[{"href":"https:\/\/mediarun.com\/pl\/wp-json\/wp\/v2\/posts"}],"about":[{"href":"https:\/\/mediarun.com\/pl\/wp-json\/wp\/v2\/types\/post"}],"author":[{"embeddable":true,"href":"https:\/\/mediarun.com\/pl\/wp-json\/wp\/v2\/users\/48"}],"replies":[{"embeddable":true,"href":"https:\/\/mediarun.com\/pl\/wp-json\/wp\/v2\/comments?post=206156"}],"version-history":[{"count":3,"href":"https:\/\/mediarun.com\/pl\/wp-json\/wp\/v2\/posts\/206156\/revisions"}],"predecessor-version":[{"id":206159,"href":"https:\/\/mediarun.com\/pl\/wp-json\/wp\/v2\/posts\/206156\/revisions\/206159"}],"wp:featuredmedia":[{"embeddable":true,"href":"https:\/\/mediarun.com\/pl\/wp-json\/wp\/v2\/media\/206162"}],"wp:attachment":[{"href":"https:\/\/mediarun.com\/pl\/wp-json\/wp\/v2\/media?parent=206156"}],"wp:term":[{"taxonomy":"category","embeddable":true,"href":"https:\/\/mediarun.com\/pl\/wp-json\/wp\/v2\/categories?post=206156"},{"taxonomy":"post_tag","embeddable":true,"href":"https:\/\/mediarun.com\/pl\/wp-json\/wp\/v2\/tags?post=206156"}],"curies":[{"name":"wp","href":"https:\/\/api.w.org\/{rel}","templated":true}]}}