{"id":205681,"date":"2025-08-18T18:29:01","date_gmt":"2025-08-18T16:29:01","guid":{"rendered":"https:\/\/mediarun.com\/pl\/?p=205681"},"modified":"2025-08-18T18:53:21","modified_gmt":"2025-08-18T16:53:21","slug":"dorota-szelagowska-przelamuje-tabu-w-nowym-show-tvn-style-co-szykuje-ikona-polskich-programow-wnetrzarskich","status":"publish","type":"post","link":"https:\/\/mediarun.com\/pl\/media\/dorota-szelagowska-przelamuje-tabu-w-nowym-show-tvn-style-co-szykuje-ikona-polskich-programow-wnetrzarskich.html","title":{"rendered":"Dorota Szel\u0105gowska prze\u0142amuje tabu w nowym show TVN Style &#8211; co szykuje ikona polskich program\u00f3w wn\u0119trzarskich?"},"content":{"rendered":"<h2><strong>Dorota Szel\u0105gowska prze\u0142amuje tabu starzenia w nowym show TVN Style. &#8222;Chcemy si\u0119 po ludzku starze\u0107&#8221;<\/strong><\/h2>\n<p><em>Ikona polskich program\u00f3w wn\u0119trzarskich prowadzi prze\u0142omowy format &#8222;Ej, Stara!&#8221; po\u015bwi\u0119cony kobietom 40+. Osmioodcinkowa seria na antenie TVN Style ju\u017c w pa\u017adzierniku otwarcie opowie o wyzwaniach dojrza\u0142o\u015bci.<\/em><\/p>\n<h2><strong>Rewolucyjne podej\u015bcie do tematu dojrza\u0142o\u015bci<\/strong><\/h2>\n<p><strong>Dorota Szel\u0105gowska<\/strong>, jedna z najbardziej rozpoznawalnych twarzy polskiej telewizji, wkracza w zupe\u0142nie nowy obszar tematyczny. Po latach kreowania pi\u0119knych wn\u0119trz, projektantka i prezenterka postanowi\u0142a zaj\u0105\u0107 si\u0119 jeszcze bardziej osobistym tematem &#8211; procesem starzenia si\u0119 kobiet. Program <em>&#8222;Ej, Stara!&#8221;<\/em> to pierwszy tak otwarty format w polskiej telewizji, kt\u00f3ry bez lukrowania rzeczywisto\u015bci opowiada o wyzwaniach, z jakimi mierz\u0105 si\u0119 kobiety po czterdziestce.<\/p>\n<blockquote><p><em>&#8222;Chcemy si\u0119 po ludzku starze\u0107. Nie dojrzewa\u0107 i nie transformowa\u0107 &#8211; starze\u0107. To jest program o nazywaniu rzeczy po imieniu. O tym, \u017ce wiek to nie tylko liczba i suma do\u015bwiadcze\u0144, ale te\u017c uci\u0105\u017cliwo\u015bci wynikaj\u0105ce z proces\u00f3w w naszym organizmie&#8221;<\/em> \u2013 wyja\u015bnia <strong>Dorota Szel\u0105gowska<\/strong>, pomys\u0142odawczyni i prowadz\u0105ca programu.<\/p><\/blockquote>\n<h2><strong>Kompleksowe spojrzenie na kobieco\u015b\u0107 po czterdziestce<\/strong><\/h2>\n<p>Format przygotowany przez <strong>TVN Style<\/strong> sk\u0142ada si\u0119 z <strong>o\u015bmiu odcink\u00f3w<\/strong>, z kt\u00f3rych ka\u017cdy koncentruje si\u0119 na innym aspekcie \u017cycia dojrza\u0142ych kobiet. Program porusza kwestie hormonalne, psychologiczne, dietetyczne, a tak\u017ce zagadnienia zwi\u0105zane z aktywno\u015bci\u0105 fizyczn\u0105, urod\u0105 i karier\u0105 zawodow\u0105. Kamery zajrz\u0105 do gabinet\u00f3w lekarskich, kuchni i si\u0142owni, pokazuj\u0105c r\u00f3\u017cnorodne aspekty codzienno\u015bci kobiet <strong>40+<\/strong>.<\/p>\n<p>Szel\u0105gowska w ka\u017cdym odcinku spotka si\u0119 z <strong>ekspertkami<\/strong> z r\u00f3\u017cnych dziedzin, kt\u00f3re podziel\u0105 si\u0119 specjalistyczn\u0105 wiedz\u0105, oraz ze <strong>znanymi kobietami ze \u015bwiata kultury i sztuki<\/strong>, kt\u00f3re opowiedz\u0105 o swoich do\u015bwiadczeniach zwi\u0105zanych z procesem starzenia si\u0119. Program ma na celu budowanie \u015bwiadomo\u015bci, edukacj\u0119 i oferowanie wsparcia dla kobiet w tym okresie \u017cycia.<\/p>\n<h2><strong>Prze\u0142amywanie spo\u0142ecznych tabu<\/strong><\/h2>\n<p>Temat starzenia si\u0119, <em>menopauzy<\/em> i zmian zachodz\u0105cych w \u017cyciu kobiet w \u015brednim wieku wci\u0105\u017c pozostaje obszarem obj\u0119tym spo\u0142ecznym tabu. <strong>Warner Bros. Discovery Polska<\/strong>, nadawca <strong>TVN Style<\/strong>, postanowi\u0142 zmierzy\u0107 si\u0119 z tym wyzwaniem, oferuj\u0105c widzom szczery i bezpo\u015bredni format.<\/p>\n<blockquote><p><em>&#8222;Czujesz si\u0119 na 20 lat? \u015awietnie. Ale niespecjalnie przet\u0142umaczysz to swoim stawom, hormonom i wzrokowi. I powiem wam wi\u0119cej &#8211; to jest ok. Tyle, \u017ce nikt nas w og\u00f3le na to nie przygotowa\u0142&#8221;<\/em> \u2013 dodaje <strong>Dorota Szel\u0105gowska<\/strong>.<\/p><\/blockquote>\n<h2><strong>TVN Style stawia na edukacyjne formaty<\/strong><\/h2>\n<p><strong>TVN Style<\/strong>, cz\u0119\u015b\u0107 grupy <strong>Warner Bros. Discovery<\/strong>, konsekwentnie rozwija portfolio program\u00f3w edukacyjnych i lifestylowych. Stacja, kt\u00f3ra osi\u0105ga \u015bredni\u0105 <strong>2,1% udzia\u0142u w rynku telewizyjnym<\/strong> wed\u0142ug danych <strong>Nielsen Audience Measurement<\/strong>, stawia na tre\u015bci skierowane do kobiet w r\u00f3\u017cnym wieku. Zgodnie z raportem <strong>Kantar Media z wrze\u015bnia 2024<\/strong>, programy lifestylowe odnotowuj\u0105 wzrost ogl\u0105dalno\u015bci o <strong>15% rok do roku<\/strong>, co potwierdza rosn\u0105ce zainteresowanie tego typu formatami.<\/p>\n<p>Grupa <strong>Warner Bros. Discovery<\/strong> w Polsce zarz\u0105dza portfolio <strong>15 kana\u0142\u00f3w telewizyjnych<\/strong>, docieraj\u0105c do ponad <strong>28 milion\u00f3w widz\u00f3w miesi\u0119cznie<\/strong>. <strong>TVN Style<\/strong> jest jedn\u0105 z kluczowych marek lifestylowych w ofercie, konkuruj\u0105c z takimi stacjami jak <strong>Polsat Caf\u00e9<\/strong> czy <strong>TTV<\/strong>.<\/p>\n<h2><strong>Fenomen Doroty Szel\u0105gowskiej<\/strong><\/h2>\n<p><strong>Dorota Szel\u0105gowska<\/strong> to absolwentka <strong>Akademii Sztuk Pi\u0119knych<\/strong> w Warszawie, kt\u00f3ra karier\u0119 telewizyjn\u0105 rozpocz\u0119\u0142a w <strong>2009 roku<\/strong> programem <em>&#8222;Dekoratornia&#8221;<\/em>. Przez <strong>15 lat obecno\u015bci<\/strong> w mediach sta\u0142a si\u0119 synonimem polskich program\u00f3w wn\u0119trzarskich, prowadz\u0105c takie formaty jak <em>&#8222;Totalne remonty Szel\u0105gowskiej&#8221;<\/em> czy <em>&#8222;Dorota was urz\u0105dzi&#8221;<\/em>.<\/p>\n<p>Projektantka wn\u0119trz i prezenterka telewizyjna zdoby\u0142a uznanie nie tylko dzi\u0119ki profesjonalizmowi, ale tak\u017ce autentycznemu podej\u015bciu do prowadzonych program\u00f3w. Jej formaty regularnie osi\u0105gaj\u0105 <strong>ponad 1 milion widz\u00f3w<\/strong> na antenie <strong>TVN<\/strong>, czyni\u0105c j\u0105 jedn\u0105 z najbardziej rozpoznawalnych twarzy stacji.<\/p>\n<blockquote><p><em>&#8222;Dzi\u0119ki niej ca\u0142a Polska pokocha\u0142a programy wn\u0119trzarskie. Tym razem widzowie b\u0119d\u0105 mogli zobaczy\u0107 j\u0105 w zupe\u0142nie nowej roli&#8221;<\/em> \u2013 komentuje przedstawiciel <strong>TVN Style<\/strong>.<\/p><\/blockquote>\n<h2><strong>Trend wieku srebnego w mediach<\/strong><\/h2>\n<p>Program <em>&#8222;Ej, Stara!&#8221;<\/em> wpisuje si\u0119 w globalny trend <em>silver age content<\/em> &#8211; tre\u015bci skierowanych do dojrza\u0142ej publiczno\u015bci. Wed\u0142ug raportu <strong>Deloitte &#8222;Media &amp; Entertainment Predictions 2024&#8221;<\/strong>, segment widz\u00f3w <strong>50+<\/strong> stanowi <strong>42% ca\u0142kowitej publiczno\u015bci telewizyjnej<\/strong> w Polsce, a jego si\u0142a nabywcza ro\u015bnie o <strong>8% rocznie<\/strong>.<\/p>\n<p>Eksperci bran\u017cy medialnej podkre\u015blaj\u0105 rosn\u0105ce znaczenie program\u00f3w adresowanych do dojrza\u0142ych odbiorc\u00f3w. <strong>Nielsen<\/strong> w raporcie z <strong>pa\u017adziernika 2024<\/strong> wskazuje, \u017ce kobiety w wieku <strong>40-59 lat<\/strong> sp\u0119dzaj\u0105 \u015brednio <strong>4,2 godziny dziennie<\/strong> przed telewizorem, co stanowi najwi\u0119kszy wska\u017anik w tej kategorii demograficznej.<\/p>\n<h2><strong>Strategia programowa na jesie\u0144<\/strong><\/h2>\n<p>Seria <em>&#8222;Ej, Stara!&#8221;<\/em> b\u0119dzie emitowana w <strong>poniedzia\u0142kowe wieczory<\/strong> od <strong>pa\u017adziernika 2024<\/strong> na antenie <strong>TVN Style<\/strong>. Program b\u0119dzie r\u00f3wnie\u017c dost\u0119pny na platformie streamingowej <strong>Max<\/strong>, co pozwoli dotrze\u0107 do szerszego grona odbiorc\u00f3w.<\/p>\n<p>Format stanowi cz\u0119\u015b\u0107 jesiennej ram\u00f3wki <strong>TVN Style<\/strong>, kt\u00f3ra stawia na <strong>oryginalne polskie produkcje<\/strong>. Stacja planuje r\u00f3wnie\u017c rozszerzenie tematyki o dodatkowe odcinki specjalne, je\u015bli program osi\u0105gnie zak\u0142adane wska\u017aniki ogl\u0105dalno\u015bci.<\/p>\n<p>&nbsp;<\/p>\n<p><b>Mediarun.com<\/b> przez<b> lata<\/b> buduje ekskluzywn\u0105 spo\u0142eczno\u015b\u0107 najlepszych lider\u00f3w marketingu i innowacji w Polsce. Nasze wydarzenia to nie miejsca dla wszystkich \u2013 to przestrze\u0144 dla tych, kt\u00f3rzy naprawd\u0119 wnosz\u0105 swoje filmy i marki na topowy poziom!<\/p>\n<p>Konkurs <b>Innovative Leader<\/b> \u2013 konkurs dla prawdziwych wizjoner\u00f3w &#8211; \u00a0<b>Poznaj szczeg\u00f3\u0142y:<\/b> <a href=\"https:\/\/innovativeleader.eu\/\" target=\"_blank\" rel=\"noopener\">innovativeleader.eu<\/a><\/p>\n<p>Konkurs<b> Dyrektor Marketingu Roku<\/b> 2025 \u2013 <b>Poznaj kategorie:<\/b> <a href=\"https:\/\/dyrektormarketinguroku.pl\/\" target=\"_blank\" rel=\"noopener\">dyrektormarketinguroku.pl<\/a><\/p>\n<p>Konferencja<b> CMO Innovation Executive Summit <\/b>2025 \u2013 <b>Poznaj szczeg\u00f3\u0142y:<\/b> <a href=\"https:\/\/executivesummit.eu\/\" target=\"_blank\" rel=\"noopener\">executivesummit.eu<\/a><\/p>\n<p>&nbsp;<\/p>\n<p><b>Zarezerwuj czas w kalendarzu\u00a0i we\u017a udzia\u0142 \u00a0na 2025:<\/b><\/p>\n<ul>\n<li><b>24-25 wrze\u015bnia<\/b> \u2013 Pa\u0142ac w Wilanowie (ju\u017c prawie wype\u0142nione)<\/li>\n<li><b>4 grudnia<\/b> \u2013 Hotel Renaissance, Warszawa (lista oczekuj\u0105cych aktywna)<\/li>\n<\/ul>\n<p>&nbsp;<\/p>\n<p><b>Prawda jest taka, \u017ce wi\u0119kszo\u015b\u0107 nigdy nie do\u015bwiadczy tego, co dzieje si\u0119 za kulisami tych wydarze\u0144.<br \/>\n<\/b><\/p>\n<p>Nie ka\u017cdy wie, jak to jest sta\u0107 z kieliszkiem szampana w <strong>Ogrodach Pa\u0142acu w Wilanowie<\/strong>, rozmawiaj\u0105c z <strong>Prezesami<\/strong> topowych firm o przysz\u0142o\u015bci biznesu. Nie ka\u017cdy ma szans\u0119 za\u0142o\u017cy\u0107 smoking czy sukni\u0119 wieczorow\u0105 i poczu\u0107 dreszcz emocji podczas og\u0142aszania laureat\u00f3w na <strong>Gali Fina\u0142owej<\/strong> i cieszy\u0107 si\u0119 sukcesem.<\/p>\n<p>Mo\u017ce lepiej zosta\u0107 w domu i ogl\u0105da\u0107 relacje na LinkedIn? A mo\u017ce&#8230; warto nawi\u0105za\u0107<span class=\"Apple-converted-space\">\u00a0 <\/span>wyj\u0105tkowe relacje z osobami, kt\u00f3re tworz\u0105 przysz\u0142o\u015bciowe rozwi\u0105zania, us\u0142ug w Europie przy d\u017awi\u0119kach klasycznej muzyki<span class=\"Apple-converted-space\">\u00a0 <\/span>w towarzystwie ludzi, kt\u00f3rzy naprawd\u0119 zmieniaj\u0105 nasz <strong>\u015awiat na lepsze<\/strong>!<\/p>\n<p>&nbsp;<\/p>\n<p>&nbsp;<\/p>\n<p><em><strong>TVN Style<\/strong><\/em><\/p>\n<p>Stacja lifestylowa nale\u017c\u0105ca do grupy <strong>Warner Bros. Discovery<\/strong>, nadaj\u0105ca od <strong>2007 roku<\/strong>. Zatrudnia ponad <strong>150 os\u00f3b<\/strong> i jest dost\u0119pna w <strong>97% gospodarstw domowych<\/strong> w Polsce. W portfolio stacji znajduj\u0105 si\u0119 formaty wn\u0119trzarskie, kulinarne, modowe i edukacyjne. <strong>TVN Style<\/strong> to tak\u017ce dom dla mi\u0119dzynarodowych format\u00f3w jak <em>&#8222;Say Yes to the Dress&#8221;<\/em> czy <em>&#8222;Four Weddings&#8221;<\/em>. Stacja regularnie organizuje eventy bran\u017cowe, w tym <strong>Warsaw Fashion Week<\/strong>.<\/p>\n<p>&nbsp;<\/p>\n","protected":false},"excerpt":{"rendered":"Dorota Szel\u0105gowska prze\u0142amuje tabu starzenia w nowym show TVN Style. &#8222;Chcemy si\u0119 po ludzku starze\u0107&#8221; Ikona polskich program\u00f3w&hellip;","protected":false},"author":79,"featured_media":205684,"comment_status":"open","ping_status":"closed","sticky":false,"template":"","format":"standard","meta":{"csco_display_header_overlay":false,"csco_singular_sidebar":"","csco_page_header_type":"","csco_page_load_nextpost":"","csco_post_video_location":[],"csco_post_video_location_hash":"","csco_post_video_url":"","csco_post_video_bg_start_time":0,"csco_post_video_bg_end_time":0,"footnotes":""},"categories":[9668,9670],"tags":[14419,14420,14421,98,544,1849],"class_list":{"0":"post-205681","1":"post","2":"type-post","3":"status-publish","4":"format-standard","5":"has-post-thumbnail","7":"category-media","8":"category-tv","9":"tag-dorota-szelagowska","10":"tag-menopauza","11":"tag-silver-age","12":"tag-tvn","13":"tag-tvn-style","14":"tag-warner-bros","15":"cs-entry","16":"cs-video-wrap"},"_links":{"self":[{"href":"https:\/\/mediarun.com\/pl\/wp-json\/wp\/v2\/posts\/205681","targetHints":{"allow":["GET"]}}],"collection":[{"href":"https:\/\/mediarun.com\/pl\/wp-json\/wp\/v2\/posts"}],"about":[{"href":"https:\/\/mediarun.com\/pl\/wp-json\/wp\/v2\/types\/post"}],"author":[{"embeddable":true,"href":"https:\/\/mediarun.com\/pl\/wp-json\/wp\/v2\/users\/79"}],"replies":[{"embeddable":true,"href":"https:\/\/mediarun.com\/pl\/wp-json\/wp\/v2\/comments?post=205681"}],"version-history":[{"count":5,"href":"https:\/\/mediarun.com\/pl\/wp-json\/wp\/v2\/posts\/205681\/revisions"}],"predecessor-version":[{"id":205687,"href":"https:\/\/mediarun.com\/pl\/wp-json\/wp\/v2\/posts\/205681\/revisions\/205687"}],"wp:featuredmedia":[{"embeddable":true,"href":"https:\/\/mediarun.com\/pl\/wp-json\/wp\/v2\/media\/205684"}],"wp:attachment":[{"href":"https:\/\/mediarun.com\/pl\/wp-json\/wp\/v2\/media?parent=205681"}],"wp:term":[{"taxonomy":"category","embeddable":true,"href":"https:\/\/mediarun.com\/pl\/wp-json\/wp\/v2\/categories?post=205681"},{"taxonomy":"post_tag","embeddable":true,"href":"https:\/\/mediarun.com\/pl\/wp-json\/wp\/v2\/tags?post=205681"}],"curies":[{"name":"wp","href":"https:\/\/api.w.org\/{rel}","templated":true}]}}