{"id":205581,"date":"2025-07-30T14:18:16","date_gmt":"2025-07-30T12:18:16","guid":{"rendered":"https:\/\/mediarun.com\/pl\/?p=205581"},"modified":"2025-07-30T14:18:16","modified_gmt":"2025-07-30T12:18:16","slug":"mb-motors-z-nowym-managerem-marketingu","status":"publish","type":"post","link":"https:\/\/mediarun.com\/pl\/marketing\/mb-motors-z-nowym-managerem-marketingu.html","title":{"rendered":"MB Motors z nowym managerem marketingu\u00a0"},"content":{"rendered":"<p>W lipcu 2025 roku <b>Pawe\u0142 Kocon<\/b>\u00a0awansowa\u0142 na stanowisko <b>Marketing Managera<\/b> w <b>MB Motors<\/b>, autoryzowanym dealerze Mercedes\u2011Benz, zast\u0119puj\u0105c <b>Micha\u0142a Serdakowskiego<\/b>, kt\u00f3ry po dekadzie zwi\u0105zku z dealerem zdecydowa\u0142 si\u0119 na nowe wyzwania zawodowe..<\/p>\n<p>&nbsp;<\/p>\n<h2><b>Kariera, kt\u00f3ra tworzy standardy innowacyjnego marketingu<\/b><\/h2>\n<p>Pawe\u0142 Kocon do\u0142\u0105czy\u0142 do MB Motors ju\u017c w marcu 2024 roku jako PR Manager. W nowej roli odpowiada za kompleksow\u0105 strategi\u0119 marketingow\u0105, digital marketing, inicjatywy w\u0142asne, eventy, wsp\u00f3\u0142prac\u0119 z influencerami i partnerami oraz wizerunek salon\u00f3w w Jankach, Piasecznie i Poznaniu.<\/p>\n<p>Kocon mo\u017ce si\u0119 pochwali\u0107 <b>ponad 20-letnim do\u015bwiadczeniem<\/b> w komunikacji marek, CSR i kampaniach 360\u00b0, zdobytym w takich firmach jak <i>Warta, Kredyt Bank, Pracuj.pl, MSL<\/i> czy <i>Telemedi<\/i>. Ma siln\u0105 orientacj\u0119 w nowych technologiach i kreatywne podej\u015bcie #OutOfTheBoxThinking w marketingu i PR.<\/p>\n<h2><b>Co awans oznacza dla strategii MB Motors<\/b><\/h2>\n<p>Awans Koconia to jasny sygna\u0142, \u017ce MB Motors chce integrowa\u0107 klasyczne formy komunikacji z nowoczesnymi trendami marketingowymi:<\/p>\n<ul>\n<li aria-level=\"1\"><b>Skalowanie dzia\u0142a\u0144 digital i kampanii 360\u00b0<\/b>, zgodnie z wytycznymi marki Mercedes-Benz Polska<\/li>\n<li aria-level=\"1\"><b>Rozw\u00f3j event marketingu i influencer campaign<\/b>, by budowa\u0107 zaanga\u017cowanie klient\u00f3w i zwi\u0119ksza\u0107 rozpoznawalno\u015b\u0107 lokalnych salon\u00f3w,<\/li>\n<li aria-level=\"1\"><b>Sp\u00f3jny branding w salonach w Jankach, Piasecznie i Poznaniu<\/b>, z naciskiem na customer experience i storytelling marki premium.<\/li>\n<\/ul>\n<h2><b>T\u0142o zmian \u2013 rotacja na stanowisku marketing managera<\/b><\/h2>\n<p>Micha\u0142 Serdakowski, poprzedni Marketing Manager MB Motors, sp\u0119dzi\u0142 w firmie oko\u0142o 10 lat i przeszed\u0142 drog\u0119 od specjalisty do lidera marketingu. Jego odej\u015bcie stanowi moment transformacji, otwieraj\u0105c przestrze\u0144 dla nowego podej\u015bcia Pawe\u0142 Koconia \u2013 zorientowanego na cyfrow\u0105 integracj\u0119 i klientocentryczne dzia\u0142ania.<\/p>\n<h2><b>Makrotrendy: bran\u017ca dealerska stawia na marketing wielokana\u0142owy<\/b><\/h2>\n<p>Zmiana kadrowa w MB Motors wpisuje si\u0119 w szerszy trend transformacji marketingu w bran\u017cy motoryzacyjnej. Dealerzy coraz cz\u0119\u015bciej przesuwaj\u0105 ci\u0119\u017car dzia\u0142a\u0144 na <b>digital, content, social media i influencer marketing<\/b>. Pawe\u0142 Kocon, z do\u015bwiadczeniem w komunikacji korporacyjnej, eventach i 360\u00b0 kampaniach, mo\u017ce wzmocni\u0107 t\u0119 transformacj\u0119. Jego profil idealnie wpisuje si\u0119 w obecne potrzeby rynku dealer\u00f3w premium \u2013 jak wskazuj\u0105 analizy PwC i Deloitte, klienci premium oczekuj\u0105 sp\u00f3jnych do\u015bwiadcze\u0144 wielokana\u0142owych.<\/p>\n<p>Awans Paw\u0142a Koconia na Marketing Managera MB Motors to kluczowe posuni\u0119cie w kontek\u015bcie rozwoju gabinetu marketingowego marki Mercedes\u2011Benz w Polsce. Jego ponad 20\u2011letnie do\u015bwiadczenie, po\u0142\u0105czenie digitalowej innowacji z CSR-em i zdolno\u015b\u0107 budowania kampanii 360\u00b0 mog\u0105 nada\u0107 nowy kierunek strategii promocji, event\u00f3w i digitalizacji do\u015bwiadcze\u0144 salonowych. To moment, kt\u00f3ry mo\u017ce wzmocni\u0107 pozycj\u0119 MB Motors jako lidera nowoczesnego marketingu dealerskiego.<\/p>\n","protected":false},"excerpt":{"rendered":"W lipcu 2025 roku Pawe\u0142 Kocon\u00a0awansowa\u0142 na stanowisko Marketing Managera w MB Motors, autoryzowanym dealerze Mercedes\u2011Benz, zast\u0119puj\u0105c Micha\u0142a&hellip;","protected":false},"author":4,"featured_media":205582,"comment_status":"open","ping_status":"closed","sticky":false,"template":"","format":"standard","meta":{"csco_display_header_overlay":false,"csco_singular_sidebar":"","csco_page_header_type":"","csco_page_load_nextpost":"","csco_post_video_location":[],"csco_post_video_location_hash":"","csco_post_video_url":"","csco_post_video_bg_start_time":0,"csco_post_video_bg_end_time":0,"footnotes":""},"categories":[9639],"tags":[3621,6551,9640,14407,14408,14406],"class_list":{"0":"post-205581","1":"post","2":"type-post","3":"status-publish","4":"format-standard","5":"has-post-thumbnail","7":"category-marketing","8":"tag-awans","9":"tag-digital-marketing","10":"tag-marketing","11":"tag-mb-motors","12":"tag-mercedez-benz","13":"tag-pawel-kocon","14":"cs-entry","15":"cs-video-wrap"},"_links":{"self":[{"href":"https:\/\/mediarun.com\/pl\/wp-json\/wp\/v2\/posts\/205581","targetHints":{"allow":["GET"]}}],"collection":[{"href":"https:\/\/mediarun.com\/pl\/wp-json\/wp\/v2\/posts"}],"about":[{"href":"https:\/\/mediarun.com\/pl\/wp-json\/wp\/v2\/types\/post"}],"author":[{"embeddable":true,"href":"https:\/\/mediarun.com\/pl\/wp-json\/wp\/v2\/users\/4"}],"replies":[{"embeddable":true,"href":"https:\/\/mediarun.com\/pl\/wp-json\/wp\/v2\/comments?post=205581"}],"version-history":[{"count":1,"href":"https:\/\/mediarun.com\/pl\/wp-json\/wp\/v2\/posts\/205581\/revisions"}],"predecessor-version":[{"id":205583,"href":"https:\/\/mediarun.com\/pl\/wp-json\/wp\/v2\/posts\/205581\/revisions\/205583"}],"wp:featuredmedia":[{"embeddable":true,"href":"https:\/\/mediarun.com\/pl\/wp-json\/wp\/v2\/media\/205582"}],"wp:attachment":[{"href":"https:\/\/mediarun.com\/pl\/wp-json\/wp\/v2\/media?parent=205581"}],"wp:term":[{"taxonomy":"category","embeddable":true,"href":"https:\/\/mediarun.com\/pl\/wp-json\/wp\/v2\/categories?post=205581"},{"taxonomy":"post_tag","embeddable":true,"href":"https:\/\/mediarun.com\/pl\/wp-json\/wp\/v2\/tags?post=205581"}],"curies":[{"name":"wp","href":"https:\/\/api.w.org\/{rel}","templated":true}]}}