{"id":20540,"date":"2010-12-22T12:24:12","date_gmt":"2010-12-22T11:24:12","guid":{"rendered":"https:\/\/mediarun.com\/index.php\/news-posts\/czas-na-wnetrze-w-nowym-layoucie\/"},"modified":"2010-12-22T12:24:12","modified_gmt":"2010-12-22T11:24:12","slug":"czas-na-wnetrze-w-nowym-layoucie","status":"publish","type":"post","link":"https:\/\/mediarun.com\/pl\/media\/prasa\/czas-na-wnetrze-w-nowym-layoucie.html","title":{"rendered":"Czas na Wn\u0119trze w nowym layoucie"},"content":{"rendered":"<p>W nowym, od\u015bwie\u017conym wydaniu pisma znalaz\u0142o si\u0119 wi\u0119cej aktualno\u015bci ze \u015bwiata sztuki i designu, a poddany du\u017cej przemianie dzia\u0142 &#8222;Nowo\u015bci&#8221; donosi o tym co s\u0142ycha\u0107 na polskim rynku.<\/p>\n<p>&#8211; Wszystkie zmiany maj\u0105 na celu dostarczanie czytelnikom pe\u0142niejszej i klarowniejszej informacji. Nie tylko za pomoc\u0105 tre\u015bci, ale te\u017c formy. St\u0105d nowy spos&oacute;b podpisywania zdj\u0119\u0107, zar&oacute;wno w reporta\u017cach, jak i na stronach stricte produktowych &#8211; m&oacute;wi Marta Siesicka, redaktor naczelna Czasu na Wn\u0119trze.<\/p>\n<p>Bez zmian zostaje natomiast ok\u0142adka, kt&oacute;ra ma wyr&oacute;\u017cnia\u0107 pismo spo\u015br&oacute;d innych tytu\u0142&oacute;w wn\u0119trzarskich.<\/p>\n<p>Miesi\u0119cznik Czas na Wn\u0119trze ukazuje si\u0119 na rynku od grudnia 2009 r. nak\u0142adem wydawnictwa <a href=\"http:\/\/dlafirm.mediarun.pl\/katalog\/firma\/wyd.-avt-korporacja,7993,1.html\" target=\"_blank\" rel=\"noopener\">AVT Korporacja<\/a>. Portfolio AVT liczy \u0142\u0105cznie ponad 20 tytu\u0142&oacute;w regularnych, grupuj\u0105cych si\u0119 w czterech segmentach tematycznych: Budownictwo i wn\u0119trza, Elektronika i automatyka, Muzyka i d\u017awi\u0119k oraz Technika i edukacja. AVT Korporacja jest wydawc\u0105 m.in. Budujemy Dom, Wn\u0119trza, ABC Budowania oraz ukazuj\u0105cego si\u0119 w 24 krajach magazynu o nowych technologiach T3.<\/p>\n","protected":false},"excerpt":{"rendered":"Magazyn Czas na Wn\u0119trze przeszed\u0142 lifting. Zmiany pojawi\u0142y si\u0119 zar&oacute;wno w zakresie merytorycznym, jak i w szacie graficznej.","protected":false},"author":1,"featured_media":20541,"comment_status":"open","ping_status":"closed","sticky":false,"template":"","format":"standard","meta":{"csco_display_header_overlay":false,"csco_singular_sidebar":"","csco_page_header_type":"","csco_page_load_nextpost":"","csco_post_video_location":[],"csco_post_video_location_hash":"","csco_post_video_url":"","csco_post_video_bg_start_time":0,"csco_post_video_bg_end_time":0,"footnotes":""},"categories":[9673],"tags":[],"class_list":{"0":"post-20540","1":"post","2":"type-post","3":"status-publish","4":"format-standard","5":"has-post-thumbnail","7":"category-prasa","8":"cs-entry","9":"cs-video-wrap"},"_links":{"self":[{"href":"https:\/\/mediarun.com\/pl\/wp-json\/wp\/v2\/posts\/20540","targetHints":{"allow":["GET"]}}],"collection":[{"href":"https:\/\/mediarun.com\/pl\/wp-json\/wp\/v2\/posts"}],"about":[{"href":"https:\/\/mediarun.com\/pl\/wp-json\/wp\/v2\/types\/post"}],"author":[{"embeddable":true,"href":"https:\/\/mediarun.com\/pl\/wp-json\/wp\/v2\/users\/1"}],"replies":[{"embeddable":true,"href":"https:\/\/mediarun.com\/pl\/wp-json\/wp\/v2\/comments?post=20540"}],"version-history":[{"count":0,"href":"https:\/\/mediarun.com\/pl\/wp-json\/wp\/v2\/posts\/20540\/revisions"}],"wp:featuredmedia":[{"embeddable":true,"href":"https:\/\/mediarun.com\/pl\/wp-json\/wp\/v2\/media\/20541"}],"wp:attachment":[{"href":"https:\/\/mediarun.com\/pl\/wp-json\/wp\/v2\/media?parent=20540"}],"wp:term":[{"taxonomy":"category","embeddable":true,"href":"https:\/\/mediarun.com\/pl\/wp-json\/wp\/v2\/categories?post=20540"},{"taxonomy":"post_tag","embeddable":true,"href":"https:\/\/mediarun.com\/pl\/wp-json\/wp\/v2\/tags?post=20540"}],"curies":[{"name":"wp","href":"https:\/\/api.w.org\/{rel}","templated":true}]}}