{"id":20530,"date":"2010-12-22T13:39:08","date_gmt":"2010-12-22T12:39:08","guid":{"rendered":"https:\/\/mediarun.com\/index.php\/news-posts\/gala-mistrzow-sportu-na-zywo-w-tvp\/"},"modified":"2010-12-22T13:39:08","modified_gmt":"2010-12-22T12:39:08","slug":"gala-mistrzow-sportu-na-zywo-w-tvp","status":"publish","type":"post","link":"https:\/\/mediarun.com\/pl\/media\/tv\/gala-mistrzow-sportu-na-zywo-w-tvp.html","title":{"rendered":"Gala Mistrz\u00f3w Sportu na \u017cywo w TVP"},"content":{"rendered":"<p>Podczas Gali poznamy nie tylko najlepszych sportowc&oacute;w, ale tak\u017ce laureat&oacute;w w o\u015bmiu innych kategoriach (wybranych przez Kapitu\u0142\u0119 Plebiscytu): Trener Roku, Odkrycie Roku, Dru\u017cyna Roku, Najlepszy Impreza Roku, Gospodarz Imprez Sportowych, Animator Sportu Amatorskiego, Najlepszy Projekt Medialny. Oddzieln\u0105, specjaln\u0105 kategori\u0105 b\u0119dzie natomiast Superczempion.<\/p>\n<p>Gal\u0119 poprowadz\u0105 Przemys\u0142aw Babiarz i Maciej Kurzajewski. W\u015br&oacute;d wr\u0119czaj\u0105cych pojawi\u0105 si\u0119 poprzedni zwyci\u0119zcy Plebiscytu, m.in.: Otylia J\u0119drzejczak, Robert Korzeniowski, W\u0142adys\u0142aw Kozakiewicz, J&oacute;zef \u0141uszczek czy Sobies\u0142aw Zasada.<\/p>\n<p>B\u0119dzie to ju\u017c kolejna edycja tej imprezy transmitowana przez Telewizj\u0119 Polsk\u0105. Plebiscyt od 1926 roku jest organizowany przez Przegl\u0105d Sportowy. Nieprzerwanie od 2003 roku impreza zwi\u0105zana jest z Telewizj\u0105 Polsk\u0105. W tym te\u017c w\u0142a\u015bnie roku zdecydowano si\u0119 na rozdzielenie organizowanych dot\u0105d wsp&oacute;lnie Gali Mistrz&oacute;w Sportu i Balu Mistrz&oacute;w Sportu. Tegoroczna edycja Gali, po raz trzeci w historii, odb\u0119dzie si\u0119 w Teatrze Polskim, Bal Mistrz&oacute;w Sportu zorganizowany za\u015b zostanie w hotelu Hilton.<\/p>\n<p>Tradycyjnie najlepszych sportowc&oacute;w ostatnich dwunastu miesi\u0119cy wybieraj\u0105 kibice, spo\u015br&oacute;d dwudziestopi\u0119cioosobowej grupy. Widzowie g\u0142osy na swoich ulubie\u0144c&oacute;w mog\u0105 oddawa\u0107 za pomoc\u0105 kupon&oacute;w zamieszczanych w Przegl\u0105dzie Sportowym (do 28 grudnia), a do 5 stycznia do godz. 23.59 trwa g\u0142osowanie internetowe na stronie mistrzowiesportu.pl. Przypomnijmy, \u017ce w zesz\u0142ym roku w Plebiscycie zwyci\u0119\u017cy\u0142a Justyna Kowalczyk.<\/p>\n<p>Na pocz\u0105tku Gali og\u0142oszone zostan\u0105 prowizoryczne wyniki, na podstawie kt&oacute;rych widzowie poznaj\u0105 nazwiska fina\u0142owej dziesi\u0105tki. Prowadz\u0105cy widowisko nie ujawni\u0105 jednak kolejno\u015bci na poszczeg&oacute;lnych miejscach, a kibice jeszcze przez po\u0142ow\u0119 show b\u0119d\u0105 mogli (za pomoc\u0105 sms-&oacute;w) oddawa\u0107 g\u0142osy na swoich faworyt&oacute;w.<\/p>\n<p><span style=\"text-decoration: underline;\"><strong>Nominowani do nagrody dla Najlepszego Sportowca Polski 2010 roku:<\/strong><\/span><\/p>\n<p>1. Tomasz Adamek (boks)<br \/>2. Katarzyna Bachleda-Curu\u015b, Luiza Z\u0142otkowska, Katarzyna Wo\u017aniak (\u0142y\u017cwiarstwo szybkie)<br \/>3. Marcin Do\u0142\u0119ga (podnoszenie ci\u0119\u017car&oacute;w)<br \/>4. Tomasz Gollob (\u017cu\u017cel)<br \/>5. Jaros\u0142aw Hampel (\u017cu\u017cel)<br \/>6. Arsen Kasabijew (podnoszenie ci\u0119\u017car&oacute;w)<br \/>7. Marek Kolbowicz, Adam Korol, Konrad Wasielewski, Micha\u0142 Jeli\u0144ski (wio\u015blarstwo)<br \/>8. Pawe\u0142 Korzeniowski (p\u0142ywanie)<br \/>9. Justyna Kowalczyk (biegi narciarskie)<br \/>10. Adam Kszczot (lekkoatletyka)<br \/>11. Marcin Lewandowski (lekkoatletyka)<br \/>12. Tomasz Majewski (lekkoatletyka)<br \/>13. Piotr Ma\u0142achowski (lekkoatletyka)<br \/>14. Adam Ma\u0142ysz (skoki narciarskie)<br \/>15. Przemys\u0142aw Miarczy\u0144ski (\u017ceglarstwo) <br \/>16. Julia Michalska, Magdalena Fularczyk (wio\u015blarstwo) <br \/>17. Piotr Myszka (\u017ceglarstwo)<br \/>18. Magdalena Piekarska (szermierka) <br \/>19. Piotr Siemionowski (kajakarstwo)<br \/>20. Grzegorz Sudo\u0142 (lekkoatletyka)<br \/>21. S\u0142awomir Szmal (pi\u0142ka r\u0119czna) <br \/>22. Anita W\u0142odarczyk (lekkoatletyka)<br \/>23. Krzysztof W\u0142odarczyk (boks)<br \/>24. Maja W\u0142oszczowska (kolarstwo g&oacute;rskie)<br \/>25. Adrian Zieli\u0144ski (podnoszenie ci\u0119\u017car&oacute;w)<\/p>\n<p>Transmisja z gali na \u017cywo 8 stycznia, pocz\u0105tek o godz. 20.15 w TVP1, TVP Sport.<\/p>\n","protected":false},"excerpt":{"rendered":"8 stycznia telewizja publiczna zaprasza na transmisj\u0119 z Gali Mistrz&oacute;w Sportu, kt&oacute;ra jest zwie\u0144czeniem 76. Plebiscytu Przegl\u0105du Sportowego i TVP na 10 Najlepszych Sportowc&oacute;w Polski.","protected":false},"author":1,"featured_media":20531,"comment_status":"open","ping_status":"closed","sticky":false,"template":"","format":"standard","meta":{"csco_display_header_overlay":false,"csco_singular_sidebar":"","csco_page_header_type":"","csco_page_load_nextpost":"","csco_post_video_location":[],"csco_post_video_location_hash":"","csco_post_video_url":"","csco_post_video_bg_start_time":0,"csco_post_video_bg_end_time":0,"footnotes":""},"categories":[9670],"tags":[323,392,514,558],"class_list":{"0":"post-20530","1":"post","2":"type-post","3":"status-publish","4":"format-standard","5":"has-post-thumbnail","7":"category-tv","8":"tag-przeglad-sportowy","9":"tag-tvp","10":"tag-tvp-sport","11":"tag-tvp1","12":"cs-entry","13":"cs-video-wrap"},"_links":{"self":[{"href":"https:\/\/mediarun.com\/pl\/wp-json\/wp\/v2\/posts\/20530","targetHints":{"allow":["GET"]}}],"collection":[{"href":"https:\/\/mediarun.com\/pl\/wp-json\/wp\/v2\/posts"}],"about":[{"href":"https:\/\/mediarun.com\/pl\/wp-json\/wp\/v2\/types\/post"}],"author":[{"embeddable":true,"href":"https:\/\/mediarun.com\/pl\/wp-json\/wp\/v2\/users\/1"}],"replies":[{"embeddable":true,"href":"https:\/\/mediarun.com\/pl\/wp-json\/wp\/v2\/comments?post=20530"}],"version-history":[{"count":0,"href":"https:\/\/mediarun.com\/pl\/wp-json\/wp\/v2\/posts\/20530\/revisions"}],"wp:featuredmedia":[{"embeddable":true,"href":"https:\/\/mediarun.com\/pl\/wp-json\/wp\/v2\/media\/20531"}],"wp:attachment":[{"href":"https:\/\/mediarun.com\/pl\/wp-json\/wp\/v2\/media?parent=20530"}],"wp:term":[{"taxonomy":"category","embeddable":true,"href":"https:\/\/mediarun.com\/pl\/wp-json\/wp\/v2\/categories?post=20530"},{"taxonomy":"post_tag","embeddable":true,"href":"https:\/\/mediarun.com\/pl\/wp-json\/wp\/v2\/tags?post=20530"}],"curies":[{"name":"wp","href":"https:\/\/api.w.org\/{rel}","templated":true}]}}