{"id":20526,"date":"2010-12-22T16:11:23","date_gmt":"2010-12-22T15:11:23","guid":{"rendered":"https:\/\/mediarun.com\/index.php\/news-posts\/wyborcza-z-koledami-i-dodatkiem-gazeta-na-swieta\/"},"modified":"2010-12-22T16:11:23","modified_gmt":"2010-12-22T15:11:23","slug":"wyborcza-z-koledami-i-dodatkiem-gazeta-na-swieta","status":"publish","type":"post","link":"https:\/\/mediarun.com\/pl\/media\/prasa\/wyborcza-z-koledami-i-dodatkiem-gazeta-na-swieta.html","title":{"rendered":"Wyborcza z kol\u0119dami i dodatkiem Gazeta na \u015awi\u0119ta"},"content":{"rendered":"<p>Gazeta na \u015awi\u0119ta to 40-stronicowy magazyn, w kt&oacute;rym znajd\u0105 si\u0119 m.in. rozmowa z prof. Zbigniewem Miko\u0142ejk\u0105 o tym, w jakiego Boga wierz\u0105 Polacy, reporta\u017c Tomasza Kwa\u015bniewskiego o rodzinnym sp\u0119dzaniu \u015bwi\u0105t, a tak\u017ce fragment nowej ksi\u0105\u017cki Umberto Eco pt. &#8222;Cmentarz w Pradze&#8221;, kt&oacute;ra sprzedaje si\u0119 we W\u0142oszech w milionach egzemplarzy. Dodatek b\u0119dzie dost\u0119pny z ca\u0142ym nak\u0142adem Gazety Wyborczej. Cena Gazety &#8211; 3,50 z\u0142.<\/p>\n<p>Kolejne wydania Gazety na \u015awi\u0119ta uka\u017c\u0105 si\u0119 przed Nowym Rokiem (31 grudnia) i \u015bwi\u0119tem Trzech Kr&oacute;li (5 stycznia 2011).<\/p>\n<p>W Wigili\u0119 b\u0119dzie mo\u017cna kupi\u0107 Gazet\u0119 tak\u017ce z p\u0142yt\u0105 CD z najpi\u0119kniejszymi polskimi kol\u0119dami w wykonaniu Ireny Santor. P\u0142yta CD &#8222;Irena Santor Kol\u0119dy&#8221; zawiera m.in. utwory: &#8222;Gdy si\u0119 Chrystus rodzi&#8221;, &#8222;Oj malu\u015bki&#8221;, &#8222;W\u015br&oacute;d nocnej ciszy&#8221;, &#8222;Gdy \u015bliczna Panna&#8221; i &#8222;Lulaj\u017ce Jezuniu&#8221;. Cena Gazety Wyborczej i p\u0142yty CD &#8211; 8,99 z\u0142.<\/p>\n<p>\u015awi\u0105teczne wydanie Gazety Wyborczej z Gazet\u0105 na \u015awi\u0119ta i kol\u0119dami jest promowane w stacjach telewizyjnych (TVP1, TVN, Polsat oraz stacje tematyczne), w dzienniku Metro oraz poprzez autopromocj\u0119. Kreacj\u0119 kampanii przygotowa\u0142a agencja JIS Advertising, za zakup medi&oacute;w odpowiada\u0142 Starlink.<\/p>\n","protected":false},"excerpt":{"rendered":"W Wigili\u0119, 24 grudnia z Gazet\u0105 Wyborcz\u0105 uka\u017ce si\u0119 specjalny dodatek pt. Gazeta na \u015awi\u0119ta.","protected":false},"author":1,"featured_media":20527,"comment_status":"open","ping_status":"closed","sticky":false,"template":"","format":"standard","meta":{"csco_display_header_overlay":false,"csco_singular_sidebar":"","csco_page_header_type":"","csco_page_load_nextpost":"","csco_post_video_location":[],"csco_post_video_location_hash":"","csco_post_video_url":"","csco_post_video_bg_start_time":0,"csco_post_video_bg_end_time":0,"footnotes":""},"categories":[9673],"tags":[202],"class_list":{"0":"post-20526","1":"post","2":"type-post","3":"status-publish","4":"format-standard","5":"has-post-thumbnail","7":"category-prasa","8":"tag-gazeta-wyborcza","9":"cs-entry","10":"cs-video-wrap"},"_links":{"self":[{"href":"https:\/\/mediarun.com\/pl\/wp-json\/wp\/v2\/posts\/20526","targetHints":{"allow":["GET"]}}],"collection":[{"href":"https:\/\/mediarun.com\/pl\/wp-json\/wp\/v2\/posts"}],"about":[{"href":"https:\/\/mediarun.com\/pl\/wp-json\/wp\/v2\/types\/post"}],"author":[{"embeddable":true,"href":"https:\/\/mediarun.com\/pl\/wp-json\/wp\/v2\/users\/1"}],"replies":[{"embeddable":true,"href":"https:\/\/mediarun.com\/pl\/wp-json\/wp\/v2\/comments?post=20526"}],"version-history":[{"count":0,"href":"https:\/\/mediarun.com\/pl\/wp-json\/wp\/v2\/posts\/20526\/revisions"}],"wp:featuredmedia":[{"embeddable":true,"href":"https:\/\/mediarun.com\/pl\/wp-json\/wp\/v2\/media\/20527"}],"wp:attachment":[{"href":"https:\/\/mediarun.com\/pl\/wp-json\/wp\/v2\/media?parent=20526"}],"wp:term":[{"taxonomy":"category","embeddable":true,"href":"https:\/\/mediarun.com\/pl\/wp-json\/wp\/v2\/categories?post=20526"},{"taxonomy":"post_tag","embeddable":true,"href":"https:\/\/mediarun.com\/pl\/wp-json\/wp\/v2\/tags?post=20526"}],"curies":[{"name":"wp","href":"https:\/\/api.w.org\/{rel}","templated":true}]}}