{"id":205244,"date":"2025-03-25T14:41:31","date_gmt":"2025-03-25T13:41:31","guid":{"rendered":"https:\/\/mediarun.com\/pl\/?p=205244"},"modified":"2025-03-25T14:41:31","modified_gmt":"2025-03-25T13:41:31","slug":"empik-dementuje-informacje-o-wycieku-danych-klientow","status":"publish","type":"post","link":"https:\/\/mediarun.com\/pl\/inne\/empik-dementuje-informacje-o-wycieku-danych-klientow.html","title":{"rendered":"Empik dementuje informacje o wycieku danych klient\u00f3w"},"content":{"rendered":"<h2>Czego si\u0119 dowiesz z tego artyku\u0142u:<\/h2>\n<ul>\n<li>Jak Empik zareagowa\u0142 na doniesienia o rzekomym wycieku danych<\/li>\n<li>Jakie dzia\u0142ania podj\u0119to w celu weryfikacji zagro\u017cenia<\/li>\n<li>Co wiemy o skali rzekomego incydentu i odpowiedzi firmy<\/li>\n<\/ul>\n<h2>Empik stanowczo zaprzecza doniesieniom<\/h2>\n<p>W weekend 23\u201324 marca w sieci pojawi\u0142y si\u0119 informacje o rzekomym wycieku danych klient\u00f3w Empiku. Serwis Niebezpiecznik.pl poinformowa\u0142, \u017ce w darknecie oferowana jest baza zawieraj\u0105ca dane 24 milion\u00f3w klient\u00f3w. Wed\u0142ug jej opisu mia\u0142a pochodzi\u0107 od jednej z najwi\u0119kszych sieci handlowych w Polsce.<\/p>\n<h2>Reakcja firmy i weryfikacja zagro\u017cenia<\/h2>\n<p>Empik opublikowa\u0142 oficjalne o\u015bwiadczenie, w kt\u00f3rym informuje, \u017ce przeprowadzi\u0142 pe\u0142n\u0105 analiz\u0119 potencjalnego incydentu. Jak podkre\u015blono, dane klient\u00f3w nie zosta\u0142y przej\u0119te, a infrastruktura IT dzia\u0142a prawid\u0142owo. Baza, kt\u00f3ra pojawi\u0142a si\u0119 w darknecie, mia\u0142a by\u0107 fa\u0142szywa i stanowi\u0107 pr\u00f3b\u0119 oszustwa finansowego.<\/p>\n<h2>Klienci bezpieczni, ale temat wywo\u0142a\u0142 szum<\/h2>\n<p>Cho\u0107 doniesienia nie zosta\u0142y potwierdzone, sytuacja wywo\u0142a\u0142a du\u017ce zainteresowanie opinii publicznej. Empik zareagowa\u0142 szybko, co w tego typu przypadkach jest kluczowe dla utrzymania zaufania klient\u00f3w. Firma zaznaczy\u0142a, \u017ce dane u\u017cytkownik\u00f3w by\u0142y i s\u0105 bezpieczne.<\/p>\n<h2>Skala zjawiska i t\u0142o kontekstu<\/h2>\n<p>Wed\u0142ug danych z raportu CERT Polska, w 2023 roku a\u017c <strong>65,2%<\/strong> polskich firm odnotowa\u0142o pr\u00f3by naruszenia bezpiecze\u0144stwa IT. Doniesienia o potencjalnych wyciekach, nawet je\u015bli s\u0105 nieprawdziwe, mog\u0105 znacz\u0105co wp\u0142yn\u0105\u0107 na postrzeganie marki oraz zachowania konsumenckie.<\/p>\n<h2>Ciekawostka<\/h2>\n<p>Z badania PwC (2024) wynika, \u017ce <strong>78,4%<\/strong> konsument\u00f3w deklaruje rezygnacj\u0119 z us\u0142ug firmy, je\u015bli pojawi si\u0119 informacja o wycieku danych \u2013 nawet je\u015bli incydent nie zostanie oficjalnie potwierdzony.<\/p>\n<h2>Podsumowanie<\/h2>\n<p>Empik stanowczo zdementowa\u0142 pog\u0142oski o wycieku danych swoich klient\u00f3w. Firma podkre\u015bli\u0142a, \u017ce incydent nie mia\u0142 miejsca, a jej infrastruktura IT dzia\u0142a prawid\u0142owo. Szybka reakcja i transparentna komunikacja pozwoli\u0142y zminimalizowa\u0107 potencjalne skutki medialne i reputacyjne. Sytuacja pokazuje jednak, jak wa\u017cna w erze cyfrowej jest gotowo\u015b\u0107 do zarz\u0105dzania podobnymi kryzysami \u2013 niezale\u017cnie od ich faktycznego \u017ar\u00f3d\u0142a.<\/p>\n<p>&nbsp;<\/p>\n","protected":false},"excerpt":{"rendered":"Czego si\u0119 dowiesz z tego artyku\u0142u: Jak Empik zareagowa\u0142 na doniesienia o rzekomym wycieku danych Jakie dzia\u0142ania podj\u0119to&hellip;","protected":false},"author":57,"featured_media":205246,"comment_status":"open","ping_status":"closed","sticky":false,"template":"","format":"standard","meta":{"csco_display_header_overlay":false,"csco_singular_sidebar":"","csco_page_header_type":"","csco_page_load_nextpost":"","csco_post_video_location":[],"csco_post_video_location_hash":"","csco_post_video_url":"","csco_post_video_bg_start_time":0,"csco_post_video_bg_end_time":0,"footnotes":""},"categories":[4633,47],"tags":[10216,3635,337,105],"class_list":{"0":"post-205244","1":"post","2":"type-post","3":"status-publish","4":"format-standard","5":"has-post-thumbnail","7":"category-e-commerce","8":"category-inne","9":"tag-cyberbezpieczenstwo","10":"tag-dane","11":"tag-e-commerce","12":"tag-empik","13":"cs-entry","14":"cs-video-wrap"},"_links":{"self":[{"href":"https:\/\/mediarun.com\/pl\/wp-json\/wp\/v2\/posts\/205244","targetHints":{"allow":["GET"]}}],"collection":[{"href":"https:\/\/mediarun.com\/pl\/wp-json\/wp\/v2\/posts"}],"about":[{"href":"https:\/\/mediarun.com\/pl\/wp-json\/wp\/v2\/types\/post"}],"author":[{"embeddable":true,"href":"https:\/\/mediarun.com\/pl\/wp-json\/wp\/v2\/users\/57"}],"replies":[{"embeddable":true,"href":"https:\/\/mediarun.com\/pl\/wp-json\/wp\/v2\/comments?post=205244"}],"version-history":[{"count":1,"href":"https:\/\/mediarun.com\/pl\/wp-json\/wp\/v2\/posts\/205244\/revisions"}],"predecessor-version":[{"id":205247,"href":"https:\/\/mediarun.com\/pl\/wp-json\/wp\/v2\/posts\/205244\/revisions\/205247"}],"wp:featuredmedia":[{"embeddable":true,"href":"https:\/\/mediarun.com\/pl\/wp-json\/wp\/v2\/media\/205246"}],"wp:attachment":[{"href":"https:\/\/mediarun.com\/pl\/wp-json\/wp\/v2\/media?parent=205244"}],"wp:term":[{"taxonomy":"category","embeddable":true,"href":"https:\/\/mediarun.com\/pl\/wp-json\/wp\/v2\/categories?post=205244"},{"taxonomy":"post_tag","embeddable":true,"href":"https:\/\/mediarun.com\/pl\/wp-json\/wp\/v2\/tags?post=205244"}],"curies":[{"name":"wp","href":"https:\/\/api.w.org\/{rel}","templated":true}]}}