{"id":20476,"date":"2010-12-27T18:29:06","date_gmt":"2010-12-27T17:29:06","guid":{"rendered":"https:\/\/mediarun.com\/index.php\/news-posts\/k-mag-ma-2-lata\/"},"modified":"2010-12-27T18:29:06","modified_gmt":"2010-12-27T17:29:06","slug":"k-mag-ma-2-lata","status":"publish","type":"post","link":"https:\/\/mediarun.com\/pl\/media\/prasa\/k-mag-ma-2-lata.html","title":{"rendered":"K MAG ma 2 lata"},"content":{"rendered":"<p>Min\u0119\u0142y dwa lata od powstania pierwszego numeru pisma i z tej okazji redakcja K MAG postanowi\u0142a zaprosi\u0107 swoich przyjaci&oacute;\u0142 do wsp&oacute;\u0142tworzenia jubileuszowego numeru.<\/p>\n<p>&#8211; Specjalnie dla nas sesj\u0119 ok\u0142adkow\u0105 przygotowa\u0142a \u015bwiatowa top modelka Magdalena Fr\u0105ckowiak. W nietypowy spos&oacute;b na stronach numeru \u017cyczenia sk\u0142adaj\u0105 nam r&oacute;wnie\u017c takie osobowo\u015bci jak Edward Dwurnik, Jacek Poniedzia\u0142ek, Marcin Tyszka, czy Paprocki &amp;Brzozowski &#8211; wyja\u015bnia Miko\u0142aj Komar, redaktor naczelny magazynu.<\/p>\n<p>&#8211; Otworzyli\u015bmy si\u0119 te\u017c troch\u0119 i to o tyle przewrotnie, \u017ce wywiady z cz\u0142onkami naszej redakcji przeprowadzi\u0142a Hanna Rydlewska, redaktorka naczelna magazynu Exklusiv &#8211; dodaje Komar.<\/p>\n<p>K MAG jest dost\u0119pny w cenie 9,99 z\u0142.<\/p>\n","protected":false},"excerpt":{"rendered":"W salonach prasowych jest ju\u017c dost\u0119pne specjalne urodzinowe wydanie magazynu K MAG.","protected":false},"author":1,"featured_media":20477,"comment_status":"open","ping_status":"closed","sticky":false,"template":"","format":"standard","meta":{"csco_display_header_overlay":false,"csco_singular_sidebar":"","csco_page_header_type":"","csco_page_load_nextpost":"","csco_post_video_location":[],"csco_post_video_location_hash":"","csco_post_video_url":"","csco_post_video_bg_start_time":0,"csco_post_video_bg_end_time":0,"footnotes":""},"categories":[9673],"tags":[134],"class_list":{"0":"post-20476","1":"post","2":"type-post","3":"status-publish","4":"format-standard","5":"has-post-thumbnail","7":"category-prasa","8":"tag-k-mag","9":"cs-entry","10":"cs-video-wrap"},"_links":{"self":[{"href":"https:\/\/mediarun.com\/pl\/wp-json\/wp\/v2\/posts\/20476","targetHints":{"allow":["GET"]}}],"collection":[{"href":"https:\/\/mediarun.com\/pl\/wp-json\/wp\/v2\/posts"}],"about":[{"href":"https:\/\/mediarun.com\/pl\/wp-json\/wp\/v2\/types\/post"}],"author":[{"embeddable":true,"href":"https:\/\/mediarun.com\/pl\/wp-json\/wp\/v2\/users\/1"}],"replies":[{"embeddable":true,"href":"https:\/\/mediarun.com\/pl\/wp-json\/wp\/v2\/comments?post=20476"}],"version-history":[{"count":0,"href":"https:\/\/mediarun.com\/pl\/wp-json\/wp\/v2\/posts\/20476\/revisions"}],"wp:featuredmedia":[{"embeddable":true,"href":"https:\/\/mediarun.com\/pl\/wp-json\/wp\/v2\/media\/20477"}],"wp:attachment":[{"href":"https:\/\/mediarun.com\/pl\/wp-json\/wp\/v2\/media?parent=20476"}],"wp:term":[{"taxonomy":"category","embeddable":true,"href":"https:\/\/mediarun.com\/pl\/wp-json\/wp\/v2\/categories?post=20476"},{"taxonomy":"post_tag","embeddable":true,"href":"https:\/\/mediarun.com\/pl\/wp-json\/wp\/v2\/tags?post=20476"}],"curies":[{"name":"wp","href":"https:\/\/api.w.org\/{rel}","templated":true}]}}