{"id":20462,"date":"2010-12-28T11:46:51","date_gmt":"2010-12-28T10:46:51","guid":{"rendered":"https:\/\/mediarun.com\/index.php\/news-posts\/co-piaty-sluchacz-wlacza-radio-w-pracy\/"},"modified":"2010-12-28T11:46:51","modified_gmt":"2010-12-28T10:46:51","slug":"co-piaty-sluchacz-wlacza-radio-w-pracy","status":"publish","type":"post","link":"https:\/\/mediarun.com\/pl\/media\/radio\/co-piaty-sluchacz-wlacza-radio-w-pracy.html","title":{"rendered":"Co pi\u0105ty s\u0142uchacz w\u0142\u0105cza radio w pracy"},"content":{"rendered":"<p>Wed\u0142ug danych badania Radio Track, w tym roku (I-XI 2010), w dni powszednie, w pracy radio w\u0142\u0105cza\u0142o codziennie 21,4 proc. s\u0142uchaczy, czyli ponad 5,3 mln os&oacute;b. \u015arednio w dni powszednie radia w pracy s\u0142uchamy przez 379 minut, czyli ponad 6 godzin.<\/p>\n<p>Najwi\u0119cej os&oacute;b s\u0142ucha radia w miejscu zatrudnienia w godzinach 8.00 &#8211; 14.00, czyli w tradycyjnych godzinach pracy. Po godz. 10.00 radia w pracy s\u0142ucha blisko 4 mln os&oacute;b.<\/p>\n<p>Osoby s\u0142uchaj\u0105ce radia w pracy to w wi\u0119kszo\u015bci m\u0119\u017cczy\u017ani (55,2 proc.), doro\u015bli (prawie 44 proc. ma 25-39 lat, kolejne 40 proc. ma 40-59 lat), technicy, robotnicy, specjali\u015bci, przedstawiciele wolnych zawod&oacute;w, w\u0142a\u015bciciele firm, pracownicy handlu i us\u0142ug.<\/p>\n<p>Dane: Radio Track, zasi\u0119g dzienny, miejsce s\u0142uchania: w pracy, fala I-XI 2010, czy s\u0142ucha\u0142 radia w badanym dniu=tak<\/p>\n","protected":false},"excerpt":{"rendered":"Ponad 20 proc. s\u0142uchaczy w dni powszednie w\u0142\u0105cza radio w pracy, najcz\u0119\u015bciej s\u0105 to technicy, robotnicy oraz przedstawiciele wolnych zawod&oacute;w i specjali\u015bci.","protected":false},"author":1,"featured_media":20463,"comment_status":"open","ping_status":"closed","sticky":false,"template":"","format":"standard","meta":{"csco_display_header_overlay":false,"csco_singular_sidebar":"","csco_page_header_type":"","csco_page_load_nextpost":"","csco_post_video_location":[],"csco_post_video_location_hash":"","csco_post_video_url":"","csco_post_video_bg_start_time":0,"csco_post_video_bg_end_time":0,"footnotes":""},"categories":[9672],"tags":[1071,1298],"class_list":{"0":"post-20462","1":"post","2":"type-post","3":"status-publish","4":"format-standard","5":"has-post-thumbnail","7":"category-radio","8":"tag-kbr","9":"tag-radio-track","10":"cs-entry","11":"cs-video-wrap"},"_links":{"self":[{"href":"https:\/\/mediarun.com\/pl\/wp-json\/wp\/v2\/posts\/20462","targetHints":{"allow":["GET"]}}],"collection":[{"href":"https:\/\/mediarun.com\/pl\/wp-json\/wp\/v2\/posts"}],"about":[{"href":"https:\/\/mediarun.com\/pl\/wp-json\/wp\/v2\/types\/post"}],"author":[{"embeddable":true,"href":"https:\/\/mediarun.com\/pl\/wp-json\/wp\/v2\/users\/1"}],"replies":[{"embeddable":true,"href":"https:\/\/mediarun.com\/pl\/wp-json\/wp\/v2\/comments?post=20462"}],"version-history":[{"count":0,"href":"https:\/\/mediarun.com\/pl\/wp-json\/wp\/v2\/posts\/20462\/revisions"}],"wp:featuredmedia":[{"embeddable":true,"href":"https:\/\/mediarun.com\/pl\/wp-json\/wp\/v2\/media\/20463"}],"wp:attachment":[{"href":"https:\/\/mediarun.com\/pl\/wp-json\/wp\/v2\/media?parent=20462"}],"wp:term":[{"taxonomy":"category","embeddable":true,"href":"https:\/\/mediarun.com\/pl\/wp-json\/wp\/v2\/categories?post=20462"},{"taxonomy":"post_tag","embeddable":true,"href":"https:\/\/mediarun.com\/pl\/wp-json\/wp\/v2\/tags?post=20462"}],"curies":[{"name":"wp","href":"https:\/\/api.w.org\/{rel}","templated":true}]}}