{"id":204407,"date":"2025-02-24T15:13:31","date_gmt":"2025-02-24T14:13:31","guid":{"rendered":"https:\/\/mediarun.com\/pl\/?p=204407"},"modified":"2025-02-24T20:53:41","modified_gmt":"2025-02-24T19:53:41","slug":"homla-z-nowym-dyrektorem-marketingu","status":"publish","type":"post","link":"https:\/\/mediarun.com\/pl\/ludzie\/homla-z-nowym-dyrektorem-marketingu.html","title":{"rendered":"HOMLA z nowym Cz\u0142onkiem Zarz\u0105du i Dyrektorem Marketingu"},"content":{"rendered":"<div class=\"prose text-pretty dark:prose-invert inline leading-normal break-words min-w-0 [word-break:break-word]\">\n<h3 class=\"my-0\"><strong>HOMLA <\/strong>Polska sie\u0107 oferuj\u0105ca artyku\u0142y wyposa\u017cenia wn\u0119trz, og\u0142osi\u0142a powo\u0142anie<strong> Marka Kmiecika <\/strong>na stanowisko<strong> Dyrektora Marketingu.<\/strong> To kolejny krok w rozwoju marki, kt\u00f3ry ma na celu wzmocnienie jej pozycji na rynku.<\/h3>\n<h5 class=\"my-0\">Marek Kmiecik do\u0142\u0105cza do <strong>HOMLA<\/strong> z bogatym do\u015bwiadczeniem w bran\u017cy marketingowej. Co wa\u017cne dla czytelnik\u00f3w Mediarun.com, <strong>Marek Kmiecik<\/strong> jest r\u00f3wnie\u017c laureatem <strong>Konkursu <a href=\"https:\/\/dyrektormarketinguroku.pl\/\" target=\"_blank\" rel=\"noopener\">Dyrektor Marketingu Roku<\/a>, organizowanego przez \u00a0Mediarun.com<\/strong>.<\/h5>\n<p class=\"my-0\">Przed obj\u0119ciem stanowiska w <strong>HOMLA<\/strong>, Marek Kmiecik pracowa\u0142 w kilku firmach. W latach <strong>2015-2017<\/strong> pe\u0142ni\u0142 funkcj\u0119 Dyrektora Marketingu oraz Doradcy Zarz\u0105du ds. Strategii i Komunikacji Marketingowej w <strong>CCC SA<\/strong>. Podczas swojego pobytu w CCC, Marek Kmiecik by\u0142 odpowiedzialny za tworzenie strategii marketingowych, w tym strategii &#8222;house of brands&#8221; oraz kampanii &#8222;Youngsters&#8221; i &#8222;Bei momenti. Bella vita&#8221; dla marki Gino Rossi. By\u0142 tak\u017ce odpowiedzialny za rozw\u00f3j marketingu na 23 rynkach, w tym w Szwajcarii z mark\u0105 Vogele Shoes.<\/p>\n<p class=\"my-0\">W latach <strong>2021-2023<\/strong> Marek Kmiecik pracowa\u0142 w <strong>KROSS S.A.<\/strong>, gdzie kierowa\u0142 strategi\u0105 komunikacyjn\u0105 i rozwija\u0142 obszary marketingu, produkt\u00f3w i akcesori\u00f3w. By\u0142 odpowiedzialny za wdro\u017cenie nowej platformy strategicznej &#8222;You can do everything&#8221;.<\/p>\n<p class=\"my-0\">Przed tym, w latach <strong>2013-2014<\/strong>, Marek Kmiecik pe\u0142ni\u0142 funkcj\u0119 Wiceprezesa i Dyrektora Marketingu w <strong>Tarczynski S.A.<\/strong>, gdzie okre\u015bla\u0142 wizj\u0119 i misj\u0119 firmy, tworzy\u0142 now\u0105 strategi\u0119 komunikacyjn\u0105 &#8222;Eat better. Live better&#8221; oraz rozwija\u0142 innowacje produktowe.<\/p>\n<p class=\"my-0\">Wcze\u015bniej, przez pi\u0119\u0107 lat, Marek Kmiecik by\u0142 Dyrektorem Marketingu w <strong>Hoop Polska<\/strong> (Kofola), gdzie opracowywa\u0142 strategie marketingowe dla portfolio marek, w tym Hoop coli, Paoli syrop\u00f3w i Jupi napoj\u00f3w.<\/p>\n<p class=\"my-0\"><strong>HOMLA<\/strong> to polska marka, kt\u00f3ra powsta\u0142a w <strong>2015 roku<\/strong> \u00a0nale\u017cy do grupy inwestycyjnej <a href=\"https:\/\/msgalleon.eu\/\" target=\"_blank\" rel=\"noopener\"><strong>MS Galleon<\/strong><\/a>, kontrolowanej i zarz\u0105dzanej przez Micha\u0142a So\u0142owowa. Marka szybko zdoby\u0142a uznanie klient\u00f3w dzi\u0119ki szerokiemu asortymentowi i oraz estetyce i designie oferowanych produkt\u00f3w.<\/p>\n<p class=\"my-0\">Obecnie <strong>HOMLA<\/strong> posiada <strong>ponad 90 sklep\u00f3w<\/strong> stacjonarnych w ca\u0142ej Polsce, a tak\u017ce dzia\u0142aj\u0105cy sklep internetowy. W asortymencie HOMLA znajduj\u0105 si\u0119 m.in. meble, tekstylia, dekoracje, o\u015bwietlenie, akcesoria kuchenne i \u0142azienkowe.<\/p>\n<p class=\"my-0\"><a href=\"https:\/\/homla.com.pl\" target=\"_blank\" rel=\"noopener\"><strong>HOMLA<\/strong><\/a> na polskim rynku, konkuruje m.in: z <strong>\u00a0IKEA, HOME &amp; YOU, JYSK, ZARA HOME, SINSAY HOME oraz AGATA MEBLE<\/strong><\/p>\n<\/div>\n<p><strong>IKEA<\/strong><br \/>\nLiczba Sklep\u00f3w: IKEA posiada ponad 450 sklep\u00f3w na \u015bwiecie i 11 w Polsce<br \/>\nLiczba Zatrudnionych: IKEA zatrudnia na \u015bwiecie ponad 230 tys. pracownik\u00f3w.<\/p>\n<p><strong>JYSK<\/strong><br \/>\nLiczba Sklep\u00f3w: JYSK posiada ponad 3 tys. sklep\u00f3w w Europie i Azji i 210 w Polsce<br \/>\nLiczba Zatrudnionych: JYSK zatrudnia ponad 28 tys. pracownik\u00f3w na \u015bwiecie.<\/p>\n<p><strong>Home &amp; You<\/strong><br \/>\nLiczba Sklep\u00f3w: Home &amp; You posiada ponad 120 sklep\u00f3w w Polsce.<br \/>\nLiczba Zatrudnionych: Oko\u0142o 400<\/p>\n<p><strong>Sinsay Home<\/strong><br \/>\nLiczba Sklep\u00f3w: Sinsay posiada 900 sklep\u00f3w na \u015bwiecie i kilkadziesi\u0105t Sinsay Home.<br \/>\nLiczba Zatrudnionych: LPP zatrudnia ponad 25 tys. pracownik\u00f3w.<\/p>\n<p><strong>Agata MEBLE<\/strong><br \/>\nLiczba Sklep\u00f3w: Agat MEBLE posiada 35 sklep\u00f3w w Polsce.<br \/>\nLiczba Zatrudnionych: Oko\u0142o 4000.<\/p>\n<p><strong>Zara Home<\/strong><br \/>\nLiczba Sklep\u00f3w: Zara Home posiada ponad 410 sklep\u00f3w na \u015bwiecie.<br \/>\nLiczba Zatrudnionych: Inditex zatrudnia ponad 165 tys. pracownik\u00f3w na \u015bwiecie.<\/p>\n","protected":false},"excerpt":{"rendered":"HOMLA Polska sie\u0107 oferuj\u0105ca artyku\u0142y wyposa\u017cenia wn\u0119trz, og\u0142osi\u0142a powo\u0142anie Marka Kmiecika na stanowisko Dyrektora Marketingu. To kolejny krok&hellip;","protected":false},"author":4,"featured_media":204412,"comment_status":"open","ping_status":"closed","sticky":false,"template":"","format":"standard","meta":{"csco_display_header_overlay":false,"csco_singular_sidebar":"","csco_page_header_type":"","csco_page_load_nextpost":"","csco_post_video_location":[],"csco_post_video_location_hash":"","csco_post_video_url":"","csco_post_video_bg_start_time":0,"csco_post_video_bg_end_time":0,"footnotes":""},"categories":[9678,9677],"tags":[1696,6099,14256,14258,7163,171,14257,11359,6097,8635,6100],"class_list":{"0":"post-204407","1":"post","2":"type-post","3":"status-publish","4":"format-standard","5":"has-post-thumbnail","7":"category-awanse","8":"category-ludzie","9":"tag-agata-meble","10":"tag-ccc","11":"tag-home-you","12":"tag-homla","13":"tag-hoop","14":"tag-ikea","15":"tag-jysk","16":"tag-kross","17":"tag-marek-kmiecik","18":"tag-michal-solowow","19":"tag-tarczynski","20":"cs-entry","21":"cs-video-wrap"},"_links":{"self":[{"href":"https:\/\/mediarun.com\/pl\/wp-json\/wp\/v2\/posts\/204407","targetHints":{"allow":["GET"]}}],"collection":[{"href":"https:\/\/mediarun.com\/pl\/wp-json\/wp\/v2\/posts"}],"about":[{"href":"https:\/\/mediarun.com\/pl\/wp-json\/wp\/v2\/types\/post"}],"author":[{"embeddable":true,"href":"https:\/\/mediarun.com\/pl\/wp-json\/wp\/v2\/users\/4"}],"replies":[{"embeddable":true,"href":"https:\/\/mediarun.com\/pl\/wp-json\/wp\/v2\/comments?post=204407"}],"version-history":[{"count":15,"href":"https:\/\/mediarun.com\/pl\/wp-json\/wp\/v2\/posts\/204407\/revisions"}],"predecessor-version":[{"id":204431,"href":"https:\/\/mediarun.com\/pl\/wp-json\/wp\/v2\/posts\/204407\/revisions\/204431"}],"wp:featuredmedia":[{"embeddable":true,"href":"https:\/\/mediarun.com\/pl\/wp-json\/wp\/v2\/media\/204412"}],"wp:attachment":[{"href":"https:\/\/mediarun.com\/pl\/wp-json\/wp\/v2\/media?parent=204407"}],"wp:term":[{"taxonomy":"category","embeddable":true,"href":"https:\/\/mediarun.com\/pl\/wp-json\/wp\/v2\/categories?post=204407"},{"taxonomy":"post_tag","embeddable":true,"href":"https:\/\/mediarun.com\/pl\/wp-json\/wp\/v2\/tags?post=204407"}],"curies":[{"name":"wp","href":"https:\/\/api.w.org\/{rel}","templated":true}]}}