{"id":204362,"date":"2025-01-27T14:09:01","date_gmt":"2025-01-27T13:09:01","guid":{"rendered":"https:\/\/mediarun.com\/pl\/?p=204362"},"modified":"2025-01-27T14:09:01","modified_gmt":"2025-01-27T13:09:01","slug":"kierunki-esg-w-2025-roku-wedlug-eksperta-velobanku","status":"publish","type":"post","link":"https:\/\/mediarun.com\/pl\/trendy\/raporty\/kierunki-esg-w-2025-roku-wedlug-eksperta-velobanku.html","title":{"rendered":"Kierunki ESG w 2025 roku wed\u0142ug eksperta VeloBanku"},"content":{"rendered":"<h1>Kierunki ESG w 2025 roku wed\u0142ug eksperta VeloBanku<\/h1>\n<p>W 2025 roku zr\u00f3wnowa\u017cony rozw\u00f3j oraz kierunki ESG (Environmental, Social, Governance) b\u0119d\u0105 kluczowymi tematami dla przedsi\u0119biorstw w Unii Europejskiej. Dawid Leszczy\u0144ski, Dyrektor Biura ESG w VeloBanku, podkre\u015bla, \u017ce rosn\u0105ca \u015bwiadomo\u015b\u0107 ekologiczna w\u015br\u00f3d konsument\u00f3w i przedsi\u0119biorc\u00f3w wymusi na firmach d\u0105\u017cenie do neutralno\u015bci klimatycznej oraz aktywne zaanga\u017cowanie w lokalne spo\u0142eczno\u015bci.<\/p>\n<h2 class=\"mb-2 mt-6 text-lg first:mt-3\">Rozszerzone Wymogi Raportowania ESG<\/h2>\n<p>Od stycznia 2025 roku wchodzi w \u017cycie rozszerzony obowi\u0105zek raportowania ESG, wynikaj\u0105cy z dyrektywy CSRD (Corporate Sustainability Reporting Directive). Przepisy te b\u0119d\u0105 dotyczy\u0107 firm zatrudniaj\u0105cych powy\u017cej 250 pracownik\u00f3w, posiadaj\u0105cych bilans powy\u017cej 25 mln euro lub przychody netto przekraczaj\u0105ce 50 mln euro. Raporty ESG b\u0119d\u0105 musia\u0142y zawiera\u0107 informacje o dzia\u0142aniach firmy w zakresie ochrony \u015brodowiska, spo\u0142ecznej odpowiedzialno\u015bci oraz \u0142adu korporacyjnego. Celem tych regulacji jest zwi\u0119kszenie transparentno\u015bci dzia\u0142a\u0144 przedsi\u0119biorstw oraz ich wp\u0142ywu na otoczenie<\/p>\n<h2 class=\"mb-2 mt-6 text-lg first:mt-3\">Kierunek: Neutralno\u015b\u0107 Klimatyczna<\/h2>\n<p>Zgodnie z za\u0142o\u017ceniami zielonego \u0142adu, Unia Europejska planuje do 2030 roku zredukowa\u0107 emisj\u0119 gaz\u00f3w cieplarnianych o 55% w por\u00f3wnaniu do roku 1990, a do 2050 roku osi\u0105gn\u0105\u0107 neutralno\u015b\u0107 klimatyczn\u0105. Firmy b\u0119d\u0105 musia\u0142y przyspieszy\u0107 swoje dzia\u0142ania w tym zakresie, co b\u0119dzie przedmiotem intensywnej debaty publicznej.<\/p>\n<h2 class=\"mb-2 mt-6 text-lg first:mt-3\">Zr\u00f3wnowa\u017cony Rozw\u00f3j w \u0141a\u0144cuchu Warto\u015bci<\/h2>\n<p>Zr\u00f3wnowa\u017cony rozw\u00f3j ma obejmowa\u0107 ca\u0142y \u0142a\u0144cuch warto\u015bci \u2014 od dostawc\u00f3w surowc\u00f3w po ko\u0144cowych konsument\u00f3w. Wsp\u00f3\u0142praca z podmiotami przestrzegaj\u0105cymi wysokich standard\u00f3w spo\u0142ecznych i \u015brodowiskowych stanie si\u0119 kluczowym kierunkiem dzia\u0142a\u0144 ESG. Firmy powinny wdra\u017ca\u0107 ekologiczne procesy produkcji, minimalizowa\u0107 odpady oraz dba\u0107 o optymalizacj\u0119 tras transportowych, co przyczyni si\u0119 do redukcji emisji CO2.<\/p>\n<h2 class=\"mb-2 mt-6 text-lg first:mt-3\">Edukacja i Komunikacja<\/h2>\n<p>Pomimo rosn\u0105cej \u015bwiadomo\u015bci ekologicznej, wiele inicjatyw zwi\u0105zanych ze zr\u00f3wnowa\u017conym rozwojem spotyka si\u0119 z oporem spo\u0142ecznym. Firmy b\u0119d\u0105 musia\u0142y skuteczniej komunikowa\u0107 korzy\u015bci p\u0142yn\u0105ce z dzia\u0142a\u0144 ESG oraz edukowa\u0107 swoich interesariuszy na temat ich znaczenia. Kluczowe b\u0119dzie tak\u017ce anga\u017cowanie pracownik\u00f3w oraz regularne informowanie klient\u00f3w i lokalnych spo\u0142eczno\u015bci o post\u0119pach w realizacji cel\u00f3w zr\u00f3wnowa\u017conego rozwoju.<\/p>\n<h2 class=\"mb-2 mt-6 text-lg first:mt-3\">Spo\u0142eczna Odpowiedzialno\u015b\u0107 Biznesu<\/h2>\n<p>W nadchodz\u0105cych latach przedsi\u0119biorstwa b\u0119d\u0105 musia\u0142y jeszcze bardziej uwzgl\u0119dnia\u0107 wp\u0142yw swojej dzia\u0142alno\u015bci na lokalne spo\u0142eczno\u015bci, co obejmuje ochron\u0119 praw cz\u0142owieka i r\u00f3\u017cnorodno\u015bci. Aktywne zaanga\u017cowanie w \u017cycie lokalnych spo\u0142eczno\u015bci stanie si\u0119 nieod\u0142\u0105cznym elementem strategii biznesowych<span class=\"whitespace-nowrap\">. <\/span><strong>VeloBank<\/strong> stawia na zr\u00f3wnowa\u017cony rozw\u00f3j jako kluczowy element swojej to\u017csamo\u015bci i strategii dzia\u0142ania, co potwierdzaj\u0105 r\u00f3\u017cnorodne inicjatywy proekologiczne oraz spo\u0142eczne<\/p>\n","protected":false},"excerpt":{"rendered":"Kierunki ESG w 2025 roku wed\u0142ug eksperta VeloBanku W 2025 roku zr\u00f3wnowa\u017cony rozw\u00f3j oraz kierunki ESG (Environmental, Social,&hellip;","protected":false},"author":68,"featured_media":204363,"comment_status":"open","ping_status":"closed","sticky":false,"template":"","format":"standard","meta":{"csco_display_header_overlay":false,"csco_singular_sidebar":"","csco_page_header_type":"","csco_page_load_nextpost":"","csco_post_video_location":[],"csco_post_video_location_hash":"","csco_post_video_url":"","csco_post_video_bg_start_time":0,"csco_post_video_bg_end_time":0,"footnotes":""},"categories":[5156,4702],"tags":[14244,13882],"class_list":{"0":"post-204362","1":"post","2":"type-post","3":"status-publish","4":"format-standard","5":"has-post-thumbnail","7":"category-ciekawostki","8":"category-raporty","9":"tag-14244","10":"tag-velobank","11":"cs-entry","12":"cs-video-wrap"},"_links":{"self":[{"href":"https:\/\/mediarun.com\/pl\/wp-json\/wp\/v2\/posts\/204362","targetHints":{"allow":["GET"]}}],"collection":[{"href":"https:\/\/mediarun.com\/pl\/wp-json\/wp\/v2\/posts"}],"about":[{"href":"https:\/\/mediarun.com\/pl\/wp-json\/wp\/v2\/types\/post"}],"author":[{"embeddable":true,"href":"https:\/\/mediarun.com\/pl\/wp-json\/wp\/v2\/users\/68"}],"replies":[{"embeddable":true,"href":"https:\/\/mediarun.com\/pl\/wp-json\/wp\/v2\/comments?post=204362"}],"version-history":[{"count":1,"href":"https:\/\/mediarun.com\/pl\/wp-json\/wp\/v2\/posts\/204362\/revisions"}],"predecessor-version":[{"id":204364,"href":"https:\/\/mediarun.com\/pl\/wp-json\/wp\/v2\/posts\/204362\/revisions\/204364"}],"wp:featuredmedia":[{"embeddable":true,"href":"https:\/\/mediarun.com\/pl\/wp-json\/wp\/v2\/media\/204363"}],"wp:attachment":[{"href":"https:\/\/mediarun.com\/pl\/wp-json\/wp\/v2\/media?parent=204362"}],"wp:term":[{"taxonomy":"category","embeddable":true,"href":"https:\/\/mediarun.com\/pl\/wp-json\/wp\/v2\/categories?post=204362"},{"taxonomy":"post_tag","embeddable":true,"href":"https:\/\/mediarun.com\/pl\/wp-json\/wp\/v2\/tags?post=204362"}],"curies":[{"name":"wp","href":"https:\/\/api.w.org\/{rel}","templated":true}]}}