{"id":204306,"date":"2025-01-16T13:48:03","date_gmt":"2025-01-16T12:48:03","guid":{"rendered":"https:\/\/mediarun.com\/pl\/?p=204306"},"modified":"2025-01-16T13:48:03","modified_gmt":"2025-01-16T12:48:03","slug":"intermarche-rozpoczyna-rok-z-nowym-zarzadem-i-dyrektorami","status":"publish","type":"post","link":"https:\/\/mediarun.com\/pl\/ludzie\/intermarche-rozpoczyna-rok-z-nowym-zarzadem-i-dyrektorami.html","title":{"rendered":"INTERMARCH\u00c9 ROZPOCZYNA ROK Z NOWYM ZARZ\u0104DEM I DYREKTORAMI"},"content":{"rendered":"<h1>INTERMARCH\u00c9 ROZPOCZYNA ROK Z NOWYM ZARZ\u0104DEM I DYREKTORAMI<\/h1>\n<p>Intermarch\u00e9 w Polsce rozpoczyna 2025 rok z nowym Prezesem oraz zmienionym sk\u0142adem Zarz\u0105du.<br \/>\nDodatkowo powo\u0142ano nowego Dyrektora Generalnego oraz Dyrektora Logistyki. Zmiany te maj\u0105 na celu<br \/>\ndalsze wzmocnienie pozycji Intermarch\u00e9 na rynku detalicznym oraz lepsze dopasowanie oferty do<br \/>\nzmieniaj\u0105cych si\u0119 oczekiwa\u0144 konsument\u00f3w w dynamicznym otoczeniu rynkowym. Intermarch\u00e9 nale\u017cy do<br \/>\nGrupy Muszkieter\u00f3w, kt\u00f3rej niezmiennie przewodz\u0105 Prezes S\u0142awomir Czarnecki oraz Dyrektor Generalny<br \/>\nMarc Dherment.<br \/>\nADRIAN PODZIEMSKI NOWYM PREZESEM ZARZ\u0104DU INTERMARCH\u00c9 W POLSCE<br \/>\nOd 23 grudnia 2024 roku stanowisko Prezesa sieci Intermarch\u00e9 w Polsce obj\u0105\u0142 Adrian Podziemski, zast\u0119puj\u0105c tym<br \/>\nsamym Macieja \u0106wikli\u0144skiego. Adrian Podziemski, w\u0142a\u015bciciel trzech supermarket\u00f3w Intermarch\u00e9, dw\u00f3ch w<br \/>\nPiekarach \u015al\u0105skich oraz w Rudzie \u015al\u0105skiej, posiada dog\u0142\u0119bn\u0105 wiedz\u0119 na temat rynku detalicznego oraz potrzeb<br \/>\nklient\u00f3w. Z Grup\u0105 Muszkieter\u00f3w zwi\u0105zany jest od 2012 roku. Unikalny model biznesowy Grupy, oparty na<br \/>\nniezale\u017cno\u015bci przedsi\u0119biorc\u00f3w oraz ich wsp\u00f3\u0142decydowaniu o przysz\u0142o\u015bci organizacji, umo\u017cliwi\u0142 mu dynamiczny<br \/>\nrozw\u00f3j swoich przedsi\u0119biorstw. Adrian Podziemski otworzy\u0142 sw\u00f3j pierwszy sklep Intermarch\u00e9 w 2013 roku, a w<br \/>\nkolejnych latach w ramach wsp\u00f3\u0142zarz\u0105dzania Grup\u0105 piastowa\u0142 r\u00f3\u017cne role w obszarach Handlu, Szkole\u0144 oraz<br \/>\nCategory Managementu. W 2023 roku obj\u0105\u0142 misj\u0119 nadzoru nad Dzia\u0142em Operacji, a rok p\u00f3\u017aniej stan\u0105\u0142 na czele sieci<br \/>\nIntermarch\u00e9 jako jej nowy Prezes Zarz\u0105du.<\/p>\n<blockquote><p>\n\u2013 Rok 2025 to czas intensywnych wyzwa\u0144, kt\u00f3re zamierzamy przeku\u0107 w nowe mo\u017cliwo\u015bci. Naszym celem jest<br \/>\numocnienie pozycji Intermarch\u00e9 jako lidera rynku detalicznego w Polsce. B\u0119dziemy inwestowa\u0107 w innowacyjne<br \/>\nrozwi\u0105zania technologiczne, rozwija\u0107 ofert\u0119 oraz kontynuowa\u0107 rozw\u00f3j sieci \u2013 podkre\u015bla Adrian Podziemski,<\/p><\/blockquote>\n<p>Prezes sieci Intermarch\u00e9. W swojej nowej roli nadzoruje dzia\u0142alno\u015b\u0107 sp\u00f3\u0142ki SCA PR Polska, odpowiedzialnej za<br \/>\nstrategi\u0119 handlow\u0105 Intermarch\u00e9 w Polsce oraz SCA Petrole, zarz\u0105dzaj\u0105cej dystrybucj\u0105 paliw na ponad 70 stacjach<br \/>\nprzy supermarketach sieci.<br \/>\nPOZOSTA\u0141E ZMIANY W SK\u0141ADZIE ZARZ\u0104DU SCA PR POLSKA<br \/>\nZmiany w sk\u0142adzie Zarz\u0105du SCA PR Polska, kt\u00f3re mia\u0142y miejsce pod koniec grudnia 2024 roku, stanowi\u0105 istotny<br \/>\nkrok w realizacji strategii handlowej Intermarch\u00e9 na polskim rynku. Do Adriana Podziemskiego do\u0142\u0105czyli Grzegorz<br \/>\nGruca, Piotr P\u0142a\u017calski Pawe\u0142 Czerwi\u0144ski oraz Dominik Majchrzak, kt\u00f3rzy obecnie wsp\u00f3\u0142tworz\u0105 Zarz\u0105d. Grzegorz<br \/>\nGruca, w\u0142a\u015bciciel sklep\u00f3w Intermarch\u00e9 w M\u0142awie i Pu\u0142tusku, Piotr P\u0142a\u017calski, zarz\u0105dzaj\u0105cy sklepem i stacj\u0105 paliw w<br \/>\nDrawsku Pomorskim, Pawe\u0142 Czerwi\u0144ski, odpowiedzialny za supermarkety i stacje paliw w Ostr\u00f3dzie i Grajewie oraz<br \/>\nDominik Majchrzak, wsp\u00f3\u0142w\u0142a\u015bciciel supermarketu w Gorzowie Wielkopolskim, obejmuj\u0105 kluczowe role w<br \/>\norganizacji. Dzi\u0119ki swojemu wieloletniemu do\u015bwiadczeniu i zaanga\u017cowaniu, nowi cz\u0142onkowie Zarz\u0105du s\u0105 gotowi<br \/>\ndynamicznie reagowa\u0107 na zmiany rynkowe, skutecznie odpowiadaj\u0105c na potrzeby konsument\u00f3w i wspieraj\u0105c<br \/>\ndalszy rozw\u00f3j Intermarch\u00e9 w Polsce.<\/p>\n<p>PAWE\u0141 WARDZI\u0143SKI NOWYM DYREKTOREM GENERALNYM INTERMARCH\u00c9 W POLSCE<br \/>\n15 stycznia 2025 roku funkcj\u0119 Dyrektora Generalnego w Intermarch\u00e9 obj\u0105\u0142 Pawe\u0142 Wardzi\u0144ski, kt\u00f3ry zast\u0105pi\u0142 na tym<br \/>\nstanowisku Tomasza Walig\u00f3rskiego. Wardzi\u0144ski to mened\u017cer z ponad 20-letnim do\u015bwiadczeniem w bran\u017cy retail,<br \/>\nposiadaj\u0105cy bogate kompetencje w zakresie zarz\u0105dzania kategoriami, optymalizacji asortymentu i negocjacji<br \/>\nhandlowych. Pracowa\u0142 m.in. w Grupie Emperia, czy Eurocash g\u0142\u00f3wnie w obszarze zakup\u00f3w, zarz\u0105dzania cenami i<br \/>\npromocjami, oraz category managementu. Jako Cz\u0142onek Executive Committee Eurocash Franczyza by\u0142<br \/>\nwsp\u00f3\u0142odpowiedzialny za zarz\u0105dzanie poziomem profitowo\u015bci Partner\u00f3w Franczyzowych oraz budowanie strategii<br \/>\nsieci Delikatesy Centrum. Jego misj\u0105 b\u0119dzie dalsze umacnianie modelu ekonomicznego sklep\u00f3w Intermarch\u00e9,<br \/>\nrozw\u00f3j sieci sprzeda\u017cy w kierunku wieloformatowo\u015bci i wielokana\u0142owo\u015bci, realizacja strategii ekspansji oraz<br \/>\numacnianie relacji z partnerami handlowymi, szczeg\u00f3lnie w kontek\u015bcie budowy wizerunku i pozycji marki<br \/>\nIntermarch\u00e9 na polskim rynku.<br \/>\nWraz z Adrianem Podziemskim, Prezesem sieci, Pawe\u0142 Wardzi\u0144ski b\u0119dzie wsp\u00f3lnie kierowa\u0107 organizacj\u0105,<br \/>\nrealizuj\u0105c unikalny model biznesowy Grupy Muszkieter\u00f3w, oparty na tandemie przedsi\u0119biorcy i mened\u017cera. Taka<br \/>\nstruktura zapewnia blisk\u0105 wsp\u00f3\u0142prac\u0119 mi\u0119dzy w\u0142a\u015bcicielami sklep\u00f3w a pracownikami centrali. Adrian Podziemski<br \/>\nwnosi do\u015bwiadczenie praktyczne jako w\u0142a\u015bciciel trzech supermarket\u00f3w Intermarch\u00e9, natomiast Pawe\u0142 Wardzi\u0144ski<br \/>\nzapewnia wiedz\u0119 korporacyjn\u0105, co pozwala na efektywne \u0142\u0105czenie kompetencji i realizacj\u0119 wsp\u00f3lnych cel\u00f3w<br \/>\nbiznesowych.<\/p>\n<p>WOJCIECH B\u0141ASZCZYK DYREKTOREM LOGISTYKI<br \/>\nZ kolei 2 stycznia 2025 roku stanowisko Dyrektora Logistyki w Intermarch\u00e9 obj\u0105\u0142 Wojciech B\u0142aszczyk, specjalista z<br \/>\nniemal 20-letnim do\u015bwiadczeniem w zarz\u0105dzaniu \u0142a\u0144cuchem dostaw, kt\u00f3re zdobywa\u0142 m.in. w bran\u017cy retail FOOD<br \/>\nw ramach pracy dla sieci Piotr i Pawe\u0142, a p\u00f3\u017aniej SPAR. Jego priorytetem b\u0119dzie optymalizacja proces\u00f3w<br \/>\nlogistycznych, obejmuj\u0105ca zwi\u0119kszenie efektywno\u015bci \u0142a\u0144cucha dostaw, co prze\u0142o\u017cy si\u0119 na lepsz\u0105 dost\u0119pno\u015b\u0107<br \/>\nprodukt\u00f3w w sklepach oraz wy\u017csz\u0105 jako\u015b\u0107 obs\u0142ugi klienta.<\/p>\n","protected":false},"excerpt":{"rendered":"INTERMARCH\u00c9 ROZPOCZYNA ROK Z NOWYM ZARZ\u0104DEM I DYREKTORAMI Intermarch\u00e9 w Polsce rozpoczyna 2025 rok z nowym Prezesem oraz&hellip;","protected":false},"author":68,"featured_media":204307,"comment_status":"open","ping_status":"closed","sticky":false,"template":"","format":"standard","meta":{"csco_display_header_overlay":false,"csco_singular_sidebar":"","csco_page_header_type":"","csco_page_load_nextpost":"","csco_post_video_location":[],"csco_post_video_location_hash":"","csco_post_video_url":"","csco_post_video_bg_start_time":0,"csco_post_video_bg_end_time":0,"footnotes":""},"categories":[9678,9677],"tags":[9321],"class_list":{"0":"post-204306","1":"post","2":"type-post","3":"status-publish","4":"format-standard","5":"has-post-thumbnail","7":"category-awanse","8":"category-ludzie","9":"tag-intermarche","10":"cs-entry","11":"cs-video-wrap"},"_links":{"self":[{"href":"https:\/\/mediarun.com\/pl\/wp-json\/wp\/v2\/posts\/204306","targetHints":{"allow":["GET"]}}],"collection":[{"href":"https:\/\/mediarun.com\/pl\/wp-json\/wp\/v2\/posts"}],"about":[{"href":"https:\/\/mediarun.com\/pl\/wp-json\/wp\/v2\/types\/post"}],"author":[{"embeddable":true,"href":"https:\/\/mediarun.com\/pl\/wp-json\/wp\/v2\/users\/68"}],"replies":[{"embeddable":true,"href":"https:\/\/mediarun.com\/pl\/wp-json\/wp\/v2\/comments?post=204306"}],"version-history":[{"count":2,"href":"https:\/\/mediarun.com\/pl\/wp-json\/wp\/v2\/posts\/204306\/revisions"}],"predecessor-version":[{"id":204309,"href":"https:\/\/mediarun.com\/pl\/wp-json\/wp\/v2\/posts\/204306\/revisions\/204309"}],"wp:featuredmedia":[{"embeddable":true,"href":"https:\/\/mediarun.com\/pl\/wp-json\/wp\/v2\/media\/204307"}],"wp:attachment":[{"href":"https:\/\/mediarun.com\/pl\/wp-json\/wp\/v2\/media?parent=204306"}],"wp:term":[{"taxonomy":"category","embeddable":true,"href":"https:\/\/mediarun.com\/pl\/wp-json\/wp\/v2\/categories?post=204306"},{"taxonomy":"post_tag","embeddable":true,"href":"https:\/\/mediarun.com\/pl\/wp-json\/wp\/v2\/tags?post=204306"}],"curies":[{"name":"wp","href":"https:\/\/api.w.org\/{rel}","templated":true}]}}