{"id":204032,"date":"2024-11-19T17:26:02","date_gmt":"2024-11-19T16:26:02","guid":{"rendered":"https:\/\/mediarun.com\/pl\/?p=204032"},"modified":"2024-11-19T17:29:10","modified_gmt":"2024-11-19T16:29:10","slug":"zakupowy-szal-czy-zimna-kalkulacja-polacy-podczas-black-week","status":"publish","type":"post","link":"https:\/\/mediarun.com\/pl\/trendy\/badania\/zakupowy-szal-czy-zimna-kalkulacja-polacy-podczas-black-week.html","title":{"rendered":"Zakupowy sza\u0142 czy zimna kalkulacja? \u2013 Polacy podczas Black Week"},"content":{"rendered":"<h1 style=\"font-weight: 400;\"><strong>Zakupowy sza\u0142 czy zimna kalkulacja? \u2013 Polacy podczas Black Week<\/strong><\/h1>\n<p style=\"font-weight: 400;\"><strong>Polacy ju\u017c rezerwuj\u0105 w swoich kalendarzach czas na listopadowe zakupy. 6 na 10 naszych rodak\u00f3w regularnie korzysta z promocji podczas Black Week, a dodatkowe 12% planuje zrobi\u0107 to w tym roku, wynika z badania przeprowadzonego przez SW Research dla MediaMarkt. Jakie zwyczaje zakupowe towarzysz\u0105 nam w tym okresie? <\/strong><\/p>\n<p style=\"font-weight: 400;\"><strong>Grunt to dobre przygotowanie <\/strong><\/p>\n<p style=\"font-weight: 400;\">Mimo, \u017ce Polacy ch\u0119tnie korzystaj\u0105 z promocji na Black Week, to nie jest to dla nich powodem do nadmiernej ekscytacji. Dok\u0142adnie 50% z nich zaczyna planowa\u0107 zakupy z kilkudniowym wyprzedzeniem. Okazuje si\u0119 jednak, \u017ce spora cz\u0119\u015b\u0107 , bo a\u017c co trzeci badany, zaczyna planowanie na kilka tygodni przed Black Week.<\/p>\n<p style=\"font-weight: 400;\">Z badania przeprowadzonego dla MediaMarkt wynika r\u00f3wnie\u017c, \u017ce przygotowania obejmuj\u0105 tak\u017ce por\u00f3wnywanie cen <strong>\u2013 z por\u00f3wnywarek internetowych korzysta a\u017c 69% kupuj\u0105cych<\/strong>. Polacy dobrze wiedz\u0105, ile zamierzaj\u0105 wyda\u0107 podczas jesiennych promocji \u2013 i wcale nie jest to ma\u0142o. <strong>Co trzeci ankietowany zamierza pozwoli\u0107 sobie na wydatek powy\u017cej rz\u0119du 1000 z\u0142<\/strong>, co czwarty planuje wyda\u0107 od 500 do 1000 z\u0142, a jeden na pi\u0119ciu zadowoli si\u0119 skromniejszym bud\u017cetem od 100 do 200 z\u0142.<\/p>\n<p style=\"font-weight: 400;\"><strong>Black Friday powodem do obaw? Wr\u0119cz przeciwnie! <\/strong><\/p>\n<p style=\"font-weight: 400;\">W tygodniach poprzedzaj\u0105cych Black Week sklepy prze\u015bcigaj\u0105 si\u0119 w pomys\u0142ach, prowadz\u0105c walk\u0119 o klienta. Nic dziwnego \u2013 <strong>49% bior\u0105cych udzia\u0142 w Black Week uwa\u017ca, \u017ce reklama ma wp\u0142yw na ich decyzje zakupowe<\/strong> \u2013 cho\u0107 to mniejszy odsetek os\u00f3b, ni\u017c ci przekonani w wyniku <strong>rekomendacji rodziny (57% badanych)<\/strong>. Dzi\u0119ki reklamom informacje o niskich cenach z pewno\u015bci\u0105 dotr\u0105 do wi\u0119kszej liczby potencjalnie zainteresowanych klient\u00f3w, ale mog\u0105 te\u017c doprowadzi\u0107 do tego, \u017ce cz\u0119\u015b\u0107 zakup\u00f3w zostanie dokonana pochopnie. 4 na 10 os\u00f3b, kt\u00f3re kiedykolwiek kupi\u0142y elektronik\u0119 podczas Black Week przyznaje si\u0119, \u017ce zdarzy\u0142o im si\u0119 dokona\u0107 <strong>zakupu pod wp\u0142ywem impulsu<\/strong>. Nic zatem dziwnego, \u017ce z Black Week wi\u0105\u017c\u0105 si\u0119 r\u00f3wnie\u017c pewne obawy. 57% kupuj\u0105cych przyznaje, \u017ce obawia si\u0119 fa\u0142szywych promocji. Co trzecia osoba ma obawy zwi\u0105zane z presj\u0105 podczas zakup\u00f3w, a 29% &#8211; z dost\u0119pno\u015bci\u0105 towaru.<\/p>\n<p style=\"font-weight: 400;\">&#8211; <em>Black Week to okres, w kt\u00f3rym wiele os\u00f3b daje si\u0119 ponie\u015b\u0107 zakupowemu szale\u0144stwu, nierzadko zdarza si\u0119 te\u017c, \u017ce klienci \u017ca\u0142uj\u0105 powzi\u0119tych decyzji zakupowych. Warto zatem w tym okresie podej\u015b\u0107 do zakup\u00f3w ze spokojem i wcze\u015bniej zaplanowa\u0107 zakupy. Nasi klienci mog\u0105 to zrobi\u0107 z \u0142atwo\u015bci\u0105, odwiedzaj\u0105c nasz\u0105 stron\u0119 internetow\u0105 lub aplikacj\u0119 mobiln\u0105, gdzie wszystkie produkty i promocje zaprezentowane s\u0105 w czytelny spos\u00f3b. Na tych, kt\u00f3rzy preferuj\u0105 zakupy w sklepie, czekaj\u0105 nasi doradcy, kt\u00f3rzy rozwiej\u0105 wszystkie w\u0105tpliwo\u015bci<\/em> \u2013 <strong>m\u00f3wi Maciej Dolega, Head of PR w MediaMarkt Polska<\/strong>.<\/p>\n<p style=\"font-weight: 400;\"><strong>Gwarancje z efektem wow<\/strong><\/p>\n<p style=\"font-weight: 400;\">Z okazji Black Friday sie\u0107 sklep\u00f3w MediaMarkt przygotowa\u0142a wyj\u0105tkowe promocje dla swoich klient\u00f3w, kt\u00f3re swoje apogeum osi\u0105gn\u0105 29 listopada \u2013 czyli we wspomniany Czarny Pi\u0105tek. Warto pami\u0119ta\u0107, \u017ce opr\u00f3cz atrakcyjnych zni\u017cek na produkty, sie\u0107 \u00a0daje r\u00f3wnie\u017c gwarancje transparentno\u015bci promocji, a tak\u017ce szybkiej dostawy przy zakupach online. Dzi\u0119ki wsp\u00f3\u0142pracy z Uber Direct, kupuj\u0105cy <strong>otrzyma zam\u00f3wiony produkt w zaledwie 90 minut<\/strong> (warunek: produkty do 15 kg, dostawa do 8 km od najbli\u017cszego sklepu MediaMarkt). Kolejn\u0105 niespodziank\u0105 dla klient\u00f3w jest <strong>akcja \u201eChcesz Taniej, Miej Taniej\u201d<\/strong>. W jej ramach klient, kt\u00f3ry chce kupi\u0107 dany produkt w MediaMarkt, ale znalaz\u0142 go na stronie internetowej konkurencji w ni\u017cszej cenie, mo\u017ce zadzwoni\u0107 na infolini\u0119 MediaMarkt lub wskaza\u0107 ni\u017csz\u0105 cen\u0119 pracownikowi sklepu \u00a0i kupi\u0107 go w ni\u017cszej cenie \u2013 dok\u0142adnie takiej, jak w konkurencyjnym sklepie. Warto skorzysta\u0107 z wyj\u0105tkowych promocji i ju\u017c teraz zaplanowa\u0107 zakupy na Black Week.<\/p>\n<p style=\"font-weight: 400;\"><strong>Informacje o MediaMarktSaturn Retail Group <\/strong><\/p>\n<p style=\"font-weight: 400;\">MediaMarktSaturn Retail Group jest wiod\u0105c\u0105 europejsk\u0105 firm\u0105 zajmuj\u0105c\u0105 si\u0119 sprzeda\u017c\u0105 detaliczn\u0105 elektroniki u\u017cytkowej i\u00a0powi\u0105zanych us\u0142ug. W ramach strategicznej reorganizacji firma przekszta\u0142ca si\u0119 z klasycznego sprzedawcy produkt\u00f3w w\u00a0zorientowan\u0105 na rozwi\u0105zania platform\u0119 omnichannel, kt\u00f3ra integruje tematy klienta i zr\u00f3wnowa\u017conego rozwoju we wszystkich swoich dzia\u0142aniach biznesowych. MediaMarktSaturn u\u017cywa terminu &#8222;Experience Electronics&#8221;, aby opisa\u0107 swoje repozycjonowanie, a jednocze\u015bnie zakres us\u0142ug, kt\u00f3re oferuje swoim klientom. Dzi\u0119ki swojemu portfolio format\u00f3w i marek, sprzedawca elektroniki koncentruje si\u0119 na do\u015bwiadczeniu klienta i osobistym doradztwie. Firma obejmuje marki MediaMarkt i Saturn, kt\u00f3re kompleksowo \u0142\u0105cz\u0105 oko\u0142o 1000 sklep\u00f3w stacjonarnych w 11 krajach europejskich z platformami sprzeda\u017cy online, zajmuj\u0105c pozycj\u0119 rynkow\u0105 1 lub 2 w dziewi\u0119ciu krajach europejskich. Portfolio uzupe\u0142niaj\u0105 marki w\u0142asne PEAQ, KOENIC, ISY i ok. MediaMarktSaturn zatrudnia oko\u0142o 50 000 os\u00f3b i jest w wi\u0119kszo\u015bci w\u0142asno\u015bci\u0105 CECONOMY AG. Sprzeda\u017c firmy wynios\u0142a oko\u0142o 22,2 mld EUR w roku podatkowym 2022\/23, przy czym sprzeda\u017c internetowa stanowi\u0142a oko\u0142o jednej czwartej tej kwoty. Dzi\u0119ki oko\u0142o 2 miliardom kontakt\u00f3w z\u00a0klientami rocznie we wszystkich kana\u0142ach, sprzedawca elektroniki ma ogromny zasi\u0119g. Aby uzyska\u0107 wi\u0119cej informacji, odwied\u017a www.mediamarktsaturn.com.<\/p>\n","protected":false},"excerpt":{"rendered":"Zakupowy sza\u0142 czy zimna kalkulacja? \u2013 Polacy podczas Black Week Polacy ju\u017c rezerwuj\u0105 w swoich kalendarzach czas na&hellip;","protected":false},"author":68,"featured_media":204033,"comment_status":"open","ping_status":"closed","sticky":false,"template":"","format":"standard","meta":{"csco_display_header_overlay":false,"csco_singular_sidebar":"","csco_page_header_type":"","csco_page_load_nextpost":"","csco_post_video_location":[],"csco_post_video_location_hash":"","csco_post_video_url":"","csco_post_video_bg_start_time":0,"csco_post_video_bg_end_time":0,"footnotes":""},"categories":[9662],"tags":[12207],"class_list":{"0":"post-204032","1":"post","2":"type-post","3":"status-publish","4":"format-standard","5":"has-post-thumbnail","7":"category-badania","8":"tag-mediamarkt","9":"cs-entry","10":"cs-video-wrap"},"_links":{"self":[{"href":"https:\/\/mediarun.com\/pl\/wp-json\/wp\/v2\/posts\/204032","targetHints":{"allow":["GET"]}}],"collection":[{"href":"https:\/\/mediarun.com\/pl\/wp-json\/wp\/v2\/posts"}],"about":[{"href":"https:\/\/mediarun.com\/pl\/wp-json\/wp\/v2\/types\/post"}],"author":[{"embeddable":true,"href":"https:\/\/mediarun.com\/pl\/wp-json\/wp\/v2\/users\/68"}],"replies":[{"embeddable":true,"href":"https:\/\/mediarun.com\/pl\/wp-json\/wp\/v2\/comments?post=204032"}],"version-history":[{"count":2,"href":"https:\/\/mediarun.com\/pl\/wp-json\/wp\/v2\/posts\/204032\/revisions"}],"predecessor-version":[{"id":204035,"href":"https:\/\/mediarun.com\/pl\/wp-json\/wp\/v2\/posts\/204032\/revisions\/204035"}],"wp:featuredmedia":[{"embeddable":true,"href":"https:\/\/mediarun.com\/pl\/wp-json\/wp\/v2\/media\/204033"}],"wp:attachment":[{"href":"https:\/\/mediarun.com\/pl\/wp-json\/wp\/v2\/media?parent=204032"}],"wp:term":[{"taxonomy":"category","embeddable":true,"href":"https:\/\/mediarun.com\/pl\/wp-json\/wp\/v2\/categories?post=204032"},{"taxonomy":"post_tag","embeddable":true,"href":"https:\/\/mediarun.com\/pl\/wp-json\/wp\/v2\/tags?post=204032"}],"curies":[{"name":"wp","href":"https:\/\/api.w.org\/{rel}","templated":true}]}}