{"id":203357,"date":"2024-09-13T15:46:19","date_gmt":"2024-09-13T13:46:19","guid":{"rendered":"https:\/\/mediarun.com\/pl\/?p=203357"},"modified":"2024-09-13T15:46:19","modified_gmt":"2024-09-13T13:46:19","slug":"dax-cosmetics-z-nowym-dyrektorem-generalnym","status":"publish","type":"post","link":"https:\/\/mediarun.com\/pl\/marketing\/dax-cosmetics-z-nowym-dyrektorem-generalnym.html","title":{"rendered":"Dax Cosmetics z nowym Dyrektorem Generalnym"},"content":{"rendered":"<h1>Dax Cosmetics z nowym Dyrektorem Generalnym<\/h1>\n<p>Tomasz Klicki zosta\u0142 nowym dyrektorem generalnym Dax Cosmetics, firmy b\u0119d\u0105cej cz\u0119\u015bci\u0105 Rohto Pharmaceuticals Group. Nowo utworzone stanowisko obejmuje zarz\u0105dzanie rozwojem firmy, z naciskiem na wzmocnienie jej obecno\u015bci na rynkach krajowych i mi\u0119dzynarodowych.<\/p>\n<p>Klicki wnosi ze sob\u0105 ponad dwudziestoletnie do\u015bwiadczenie zdobyte na stanowiskach mened\u017cerskich w firmach zar\u00f3wno polskich, jak i zagranicznych, g\u0142\u00f3wnie z bran\u017cy d\u00f3br konsumpcyjnych. W ostatnich trzech latach pe\u0142ni\u0142 funkcj\u0119 dyrektora handlowego w Oceanic. Swoj\u0105 karier\u0119 rozpoczyna\u0142 w Soraya, a w kolejnych latach piastowa\u0142 kluczowe funkcje w firmach takich jak Reckitt Benckiser i L\u2019Or\u00e9al. Jego bogata wiedza obejmuje zarz\u0105dzanie sprzeda\u017c\u0105, marketingiem oraz kana\u0142ami dystrybucji, co sprawia, \u017ce idealnie nadaje si\u0119 do kierowania Dax Cosmetics w realizacji ambitnych plan\u00f3w rozwoju.<\/p>\n<p>Klicki podkre\u015bla, \u017ce czuje si\u0119 zaszczycony do\u0142\u0105czeniem do Dax Cosmetics, szczeg\u00f3lnie w roku, w kt\u00f3rym firma obchodzi 40-lecie istnienia. Podkre\u015bla, \u017ce jego celem jest dalsze wzmacnianie pozycji marek nale\u017c\u0105cych do Dax Cosmetics oraz wdra\u017canie innowacji odpowiadaj\u0105cych na potrzeby klient\u00f3w i partner\u00f3w biznesowych.<\/p>\n<p>Zmiany w zarz\u0105dzie pozwol\u0105 Ewie Blocher, prezes zarz\u0105du, na skupienie si\u0119 na nowych obszarach rozwoju biznesu oraz projektach akwizycyjnych maj\u0105cych na celu wzmocnienie pozycji Dax Cosmetics w regionie. Firma jest w\u0142a\u015bcicielem takich marek jak Perfecta, Yoskine, Hada Labo Tokyo, Dax Sun, Cashmere, Celia i Dax Men, kt\u00f3rych produkty s\u0105 dost\u0119pne w ponad 30 krajach na ca\u0142ym \u015bwiecie.<\/p>\n","protected":false},"excerpt":{"rendered":"Dax Cosmetics z nowym Dyrektorem Generalnym Tomasz Klicki zosta\u0142 nowym dyrektorem generalnym Dax Cosmetics, firmy b\u0119d\u0105cej cz\u0119\u015bci\u0105 Rohto&hellip;","protected":false},"author":68,"featured_media":203358,"comment_status":"open","ping_status":"closed","sticky":false,"template":"","format":"standard","meta":{"csco_display_header_overlay":false,"csco_singular_sidebar":"","csco_page_header_type":"","csco_page_load_nextpost":"","csco_post_video_location":[],"csco_post_video_location_hash":"","csco_post_video_url":"","csco_post_video_bg_start_time":0,"csco_post_video_bg_end_time":0,"footnotes":""},"categories":[9639],"tags":[1658],"class_list":{"0":"post-203357","1":"post","2":"type-post","3":"status-publish","4":"format-standard","5":"has-post-thumbnail","7":"category-marketing","8":"tag-dax-cosmetics","9":"cs-entry","10":"cs-video-wrap"},"_links":{"self":[{"href":"https:\/\/mediarun.com\/pl\/wp-json\/wp\/v2\/posts\/203357","targetHints":{"allow":["GET"]}}],"collection":[{"href":"https:\/\/mediarun.com\/pl\/wp-json\/wp\/v2\/posts"}],"about":[{"href":"https:\/\/mediarun.com\/pl\/wp-json\/wp\/v2\/types\/post"}],"author":[{"embeddable":true,"href":"https:\/\/mediarun.com\/pl\/wp-json\/wp\/v2\/users\/68"}],"replies":[{"embeddable":true,"href":"https:\/\/mediarun.com\/pl\/wp-json\/wp\/v2\/comments?post=203357"}],"version-history":[{"count":1,"href":"https:\/\/mediarun.com\/pl\/wp-json\/wp\/v2\/posts\/203357\/revisions"}],"predecessor-version":[{"id":203359,"href":"https:\/\/mediarun.com\/pl\/wp-json\/wp\/v2\/posts\/203357\/revisions\/203359"}],"wp:featuredmedia":[{"embeddable":true,"href":"https:\/\/mediarun.com\/pl\/wp-json\/wp\/v2\/media\/203358"}],"wp:attachment":[{"href":"https:\/\/mediarun.com\/pl\/wp-json\/wp\/v2\/media?parent=203357"}],"wp:term":[{"taxonomy":"category","embeddable":true,"href":"https:\/\/mediarun.com\/pl\/wp-json\/wp\/v2\/categories?post=203357"},{"taxonomy":"post_tag","embeddable":true,"href":"https:\/\/mediarun.com\/pl\/wp-json\/wp\/v2\/tags?post=203357"}],"curies":[{"name":"wp","href":"https:\/\/api.w.org\/{rel}","templated":true}]}}