{"id":203105,"date":"2024-08-28T12:51:49","date_gmt":"2024-08-28T10:51:49","guid":{"rendered":"https:\/\/mediarun.com\/pl\/?p=203105"},"modified":"2024-08-28T12:51:49","modified_gmt":"2024-08-28T10:51:49","slug":"oswiadczenie-marka-zuckerberga-wywolalo-burze","status":"publish","type":"post","link":"https:\/\/mediarun.com\/pl\/ciekawostki\/oswiadczenie-marka-zuckerberga-wywolalo-burze.html","title":{"rendered":"\u00a0O\u015bwiadczenie Marka Zuckerberga wywo\u0142a\u0142o burz\u0119"},"content":{"rendered":"<h1>\u00a0O\u015bwiadczenie Marka Zuckerberga wywo\u0142a\u0142o burz\u0119<\/h1>\n<p><strong>Mark Zuckerberg<\/strong>, za\u0142o\u017cyciel Facebooka i szef firmy Meta, z\u0142o\u017cy\u0142 o\u015bwiadczenie, kt\u00f3re wywo\u0142a\u0142o ogromne poruszenie w mediach spo\u0142eczno\u015bciowych. W pi\u015bmie skierowanym do Jima Jordana, szefa Komisji S\u0105downictwa Izby Reprezentant\u00f3w USA, Zuckerberg ujawni\u0142, \u017ce administracja prezydenta Joe Bidena mia\u0142a wywiera\u0107 na jego firm\u0119 naciski, aby cenzurowa\u0142a tre\u015bci zwi\u0105zane z pandemi\u0105 COVID-19.<\/p>\n<p>Zuckerberg przyzna\u0142, \u017ce ju\u017c w 2021 roku wysocy rang\u0105 urz\u0119dnicy z Bia\u0142ego Domu wielokrotnie naciskali na Meta, aby usuwa\u0107 okre\u015blone posty, w tym te o charakterze satyrycznym. Doda\u0142, \u017ce mimo presji, ostateczne decyzje o usuwaniu tre\u015bci zawsze nale\u017ca\u0142y do zespo\u0142\u00f3w Meta, kt\u00f3re ponosz\u0105 pe\u0142n\u0105 odpowiedzialno\u015b\u0107 za swoje dzia\u0142ania, w tym te dotycz\u0105ce zmiany polityki moderacji zwi\u0105zanej z COVID-19.<\/p>\n<p>To jednak nie jedyne oskar\u017cenia, kt\u00f3re Zuckerberg wysun\u0105\u0142 pod adresem administracji Bidena. W o\u015bwiadczeniu wspomnia\u0142 r\u00f3wnie\u017c o dzia\u0142aniach FBI, kt\u00f3re mia\u0142o ostrzega\u0107 Met\u0119 przed potencjaln\u0105 operacj\u0105 dezinformacyjn\u0105 ze strony Rosji, dotycz\u0105c\u0105 rodziny Biden\u00f3w i firmy Burisma, w okresie przed wyborami prezydenckimi w 2020 roku. Burisma, przypomnijmy, to ukrai\u0144ski koncern gazowy, w kt\u00f3rego zarz\u0105dzie zasiada\u0142 do 2019 roku Hunter Biden, syn obecnego prezydenta USA.<\/p>\n<p>Zuckerberg odni\u00f3s\u0142 si\u0119 tak\u017ce do sprawy tymczasowej degradacji artyku\u0142u dotycz\u0105cego zarzut\u00f3w korupcyjnych wobec Huntera Bidena, kt\u00f3ry, jak si\u0119 okaza\u0142o, nie by\u0142 rosyjsk\u0105 dezinformacj\u0105. Przyzna\u0142, \u017ce decyzja o ograniczeniu zasi\u0119g\u00f3w tego artyku\u0142u by\u0142a b\u0142\u0119dna.<\/p>\n<p>O\u015bwiadczenie Zuckerberga natychmiast wywo\u0142a\u0142o reakcj\u0119 w sieci, zw\u0142aszcza na platformie X (dawniej Twitter). Republikanie z Komisji S\u0105downictwa okrzykn\u0119li stanowisko Zuckerberga \u201ewielkim zwyci\u0119stwem wolno\u015bci s\u0142owa\u201d. Publicysta Patrick Bet-David stwierdzi\u0142, \u017ce szef Mety przyzna\u0142 si\u0119 do wsp\u00f3\u0142pracy z administracj\u0105 Bidena, poniewa\u017c \u201edzia\u0142a honorowo\u201d i \u201ewyprzedza sygnalist\u0119\u201d. Bet-David zasugerowa\u0142 te\u017c, \u017ce Zuckerberg mo\u017ce dystansowa\u0107 si\u0119 od Partii Demokratycznej.<\/p>\n<p>S\u0142owa Zuckerberga wzbudzi\u0142y gor\u0105ce dyskusje i kontrowersje, stawiaj\u0105c go w centrum politycznej debaty na temat roli medi\u00f3w spo\u0142eczno\u015bciowych w moderowaniu tre\u015bci i wp\u0142ywie rz\u0105du na te procesy.<\/p>\n","protected":false},"excerpt":{"rendered":"\u00a0O\u015bwiadczenie Marka Zuckerberga wywo\u0142a\u0142o burz\u0119 Mark Zuckerberg, za\u0142o\u017cyciel Facebooka i szef firmy Meta, z\u0142o\u017cy\u0142 o\u015bwiadczenie, kt\u00f3re wywo\u0142a\u0142o ogromne&hellip;","protected":false},"author":68,"featured_media":203106,"comment_status":"open","ping_status":"closed","sticky":false,"template":"","format":"standard","meta":{"csco_display_header_overlay":false,"csco_singular_sidebar":"","csco_page_header_type":"","csco_page_load_nextpost":"","csco_post_video_location":[],"csco_post_video_location_hash":"","csco_post_video_url":"","csco_post_video_bg_start_time":0,"csco_post_video_bg_end_time":0,"footnotes":""},"categories":[5156],"tags":[3160],"class_list":{"0":"post-203105","1":"post","2":"type-post","3":"status-publish","4":"format-standard","5":"has-post-thumbnail","7":"category-ciekawostki","8":"tag-mark-zuckerberg","9":"cs-entry","10":"cs-video-wrap"},"_links":{"self":[{"href":"https:\/\/mediarun.com\/pl\/wp-json\/wp\/v2\/posts\/203105","targetHints":{"allow":["GET"]}}],"collection":[{"href":"https:\/\/mediarun.com\/pl\/wp-json\/wp\/v2\/posts"}],"about":[{"href":"https:\/\/mediarun.com\/pl\/wp-json\/wp\/v2\/types\/post"}],"author":[{"embeddable":true,"href":"https:\/\/mediarun.com\/pl\/wp-json\/wp\/v2\/users\/68"}],"replies":[{"embeddable":true,"href":"https:\/\/mediarun.com\/pl\/wp-json\/wp\/v2\/comments?post=203105"}],"version-history":[{"count":0,"href":"https:\/\/mediarun.com\/pl\/wp-json\/wp\/v2\/posts\/203105\/revisions"}],"wp:featuredmedia":[{"embeddable":true,"href":"https:\/\/mediarun.com\/pl\/wp-json\/wp\/v2\/media\/203106"}],"wp:attachment":[{"href":"https:\/\/mediarun.com\/pl\/wp-json\/wp\/v2\/media?parent=203105"}],"wp:term":[{"taxonomy":"category","embeddable":true,"href":"https:\/\/mediarun.com\/pl\/wp-json\/wp\/v2\/categories?post=203105"},{"taxonomy":"post_tag","embeddable":true,"href":"https:\/\/mediarun.com\/pl\/wp-json\/wp\/v2\/tags?post=203105"}],"curies":[{"name":"wp","href":"https:\/\/api.w.org\/{rel}","templated":true}]}}