{"id":203021,"date":"2024-08-04T07:00:39","date_gmt":"2024-08-04T05:00:39","guid":{"rendered":"https:\/\/mediarun.com\/pl\/?p=203021"},"modified":"2024-08-03T20:53:50","modified_gmt":"2024-08-03T18:53:50","slug":"grzegorz-nawacki-angazuje-czolowa-menadzerke-z-pulsu-biznesu-do-nowego-projektu-medialnego","status":"publish","type":"post","link":"https:\/\/mediarun.com\/pl\/ludzie\/grzegorz-nawacki-angazuje-czolowa-menadzerke-z-pulsu-biznesu-do-nowego-projektu-medialnego.html","title":{"rendered":"Grzegorz Nawacki anga\u017cuje czo\u0142ow\u0105 Menad\u017cerk\u0119 z \u201ePulsu Biznesu\u201d do nowego projektu medialnego"},"content":{"rendered":"<h1>Karolina Kowalska do\u0142\u0105czy\u0142a do nowego projektu mediowego Grzegorza Nawackiego<\/h1>\n<p>W nowym przedsi\u0119wzi\u0119ciu mediowym Grzegorza Nawackiego pojawi\u0142o si\u0119 g\u0142o\u015bne nazwisko &#8211;<strong> Karolina Kowalska<\/strong>. Dotychczasowa dyrektor marketingu i event\u00f3w w \u201e<strong>Pulsie Biznesu<\/strong>\u201d (Bonnier Business Polska), zwi\u0105zana z wydawnictwem przez ponad 14 lat, od 1 sierpnia obj\u0119\u0142a \u00a0stanowisko odpowiedzialne za marketing, monetyzacj\u0119 i organizacj\u0119 wydarze\u0144 w nowym projekcie, kt\u00f3rego nazwa pozostaje jeszcze tajemnic\u0105.<\/p>\n<p><strong>Karolina Kowalska<\/strong> by\u0142a jedn\u0105 z kluczowych os\u00f3b w zespole \u201e<strong>Pulsu Biznesu<\/strong>\u201d, gdzie odpowiada\u0142a za dzia\u0142ania marketingowe, a tak\u017ce budowanie i utrzymywanie relacji z partnerami biznesowymi. <strong>Grzegorz Nawacki,<\/strong> za\u0142o\u017cyciel i lider nowego medium, wyrazi\u0142 ogromne zadowolenie z jej do\u0142\u0105czenia do zespo\u0142u.\u00a0Karolina Kowalska podkre\u015bli\u0142a, \u017ce propozycja do\u0142\u0105czenia do projektu by\u0142a dla niej niezwykle atrakcyjna.<\/p>\n<p>Nowe medium, cho\u0107 jeszcze bez nazwy, zapowiada si\u0119 na obiecuj\u0105ce przedsi\u0119wzi\u0119cie, kt\u00f3re z nowymi cz\u0142onkami zespo\u0142u ma szans\u0119 na osi\u0105gni\u0119cie sukcesu.<\/p>\n","protected":false},"excerpt":{"rendered":"Karolina Kowalska do\u0142\u0105czy\u0142a do nowego projektu mediowego Grzegorza Nawackiego W nowym przedsi\u0119wzi\u0119ciu mediowym Grzegorza Nawackiego pojawi\u0142o si\u0119 g\u0142o\u015bne&hellip;","protected":false},"author":68,"featured_media":203022,"comment_status":"open","ping_status":"closed","sticky":false,"template":"","format":"standard","meta":{"csco_display_header_overlay":false,"csco_singular_sidebar":"","csco_page_header_type":"","csco_page_load_nextpost":"","csco_post_video_location":[],"csco_post_video_location_hash":"","csco_post_video_url":"","csco_post_video_bg_start_time":0,"csco_post_video_bg_end_time":0,"footnotes":""},"categories":[9678,9677],"tags":[14087,14086,434],"class_list":{"0":"post-203021","1":"post","2":"type-post","3":"status-publish","4":"format-standard","5":"has-post-thumbnail","7":"category-awanse","8":"category-ludzie","9":"tag-grzegorz-nowacki","10":"tag-karolina-kowalska","11":"tag-puls-biznesu","12":"cs-entry","13":"cs-video-wrap"},"_links":{"self":[{"href":"https:\/\/mediarun.com\/pl\/wp-json\/wp\/v2\/posts\/203021","targetHints":{"allow":["GET"]}}],"collection":[{"href":"https:\/\/mediarun.com\/pl\/wp-json\/wp\/v2\/posts"}],"about":[{"href":"https:\/\/mediarun.com\/pl\/wp-json\/wp\/v2\/types\/post"}],"author":[{"embeddable":true,"href":"https:\/\/mediarun.com\/pl\/wp-json\/wp\/v2\/users\/68"}],"replies":[{"embeddable":true,"href":"https:\/\/mediarun.com\/pl\/wp-json\/wp\/v2\/comments?post=203021"}],"version-history":[{"count":0,"href":"https:\/\/mediarun.com\/pl\/wp-json\/wp\/v2\/posts\/203021\/revisions"}],"wp:featuredmedia":[{"embeddable":true,"href":"https:\/\/mediarun.com\/pl\/wp-json\/wp\/v2\/media\/203022"}],"wp:attachment":[{"href":"https:\/\/mediarun.com\/pl\/wp-json\/wp\/v2\/media?parent=203021"}],"wp:term":[{"taxonomy":"category","embeddable":true,"href":"https:\/\/mediarun.com\/pl\/wp-json\/wp\/v2\/categories?post=203021"},{"taxonomy":"post_tag","embeddable":true,"href":"https:\/\/mediarun.com\/pl\/wp-json\/wp\/v2\/tags?post=203021"}],"curies":[{"name":"wp","href":"https:\/\/api.w.org\/{rel}","templated":true}]}}