{"id":202939,"date":"2024-07-17T12:33:36","date_gmt":"2024-07-17T10:33:36","guid":{"rendered":"https:\/\/mediarun.com\/pl\/?p=202939"},"modified":"2024-07-17T12:42:32","modified_gmt":"2024-07-17T10:42:32","slug":"pzu-zostal-sponsorem-oficjalnym-81","status":"publish","type":"post","link":"https:\/\/mediarun.com\/pl\/ciekawostki\/pzu-zostal-sponsorem-oficjalnym-81.html","title":{"rendered":"PZU zosta\u0142 Sponsorem Oficjalnym 81. Tour de Pologne"},"content":{"rendered":"<div class=\"news_details__title\">\n<h1>PZU sponsorem 81. Tour de Pologne<\/h1>\n<\/div>\n<h2 class=\"lead news_details__summary\">PZU zosta\u0142 Sponsorem Oficjalnym 81. Tour de Pologne UCI World Tour 2024. Najwi\u0119kszy polski ubezpieczyciel jest te\u017c sponsorem oficjalnym jednej z najwa\u017cniejszych klasyfikacji wy\u015bcigu &#8211; Klasyfikacji G\u00f3rskiej.<\/h2>\n<div>\n<p>Tour de Pologne to dzi\u015b jeden z najs\u0142ynniejszych wieloetapowych wy\u015bcig\u00f3w kolarskich, kt\u00f3ry przyci\u0105ga co roku gwiazdy \u015bwiatowego peletonu. Jest cz\u0119\u015bci\u0105 UCI World Tour, czyli kolarskiej \u201eLigi Mistrz\u00f3w\u201d. Tegoroczna edycja TdP rozpocznie si\u0119 12 sierpnia pod Hal\u0105 Stulecia we Wroc\u0142awiu, a po pokonaniu 7 etap\u00f3w zawodnicy zako\u0144cz\u0105 rywalizacj\u0119 18 sierpnia na krakowskich B\u0142oniach. Ju\u017c dzi\u015b poznamy szczeg\u00f3\u0142y trasy podczas oficjalnej prezentacji 81. Tour de Pologne \u2013 zapraszamy na transmisj\u0119 wydarzenia w TVP Sport 17 lipca od godziny 20.15.<\/p>\n<blockquote><p>&#8211; <em>Wsparcie takiej marki, jak PZU, to pow\u00f3d do dumy, a zarazem dow\u00f3d, \u017ce wykonujemy dobr\u0105 prac\u0119, kt\u00f3r\u0105 doceniaj\u0105 najwi\u0119ksze polskie marki. Przygotowali\u015bmy w tym roku tak\u0105 tras\u0119 Tour de Pologne UCI World Tour, kt\u00f3ra nikogo nie zawiedzie. Kibice obejrz\u0105 wspania\u0142\u0105 walk\u0119 o koszulk\u0119 lidera Klasyfikacji G\u00f3rskiej, kt\u00f3ra zawsze rozgrzewa wyobra\u017ani\u0119 fan\u00f3w i samych kolarzy. Ciesz\u0119 si\u0119 tak\u017ce, \u017ce PZU jest z nami przy Tour de Pologne Junior. Od lat mamy ambicje si\u0119gaj\u0105ce budowania mody na zdrowy i aktywny tryb \u017cycia, a taki najlepiej pokazywa\u0107 jak najm\u0142odszym. Razem z PZU mo\u017cemy to robi\u0107<\/em> &#8211; m\u00f3wi Czes\u0142aw Lang, dyrektor generalny Tour de Pologne.<\/p>\n<p>&#8211; <em>Tour de Pologne to fantastyczna promocja kolarstwa, ale te\u017c samej idei sportu i zdrowego ruchu, bo rywalizacja najlepszych zawodowc\u00f3w stanowi inspiracj\u0119 i motywacj\u0119 dla wielu amator\u00f3w jazdy na rowerze. Wpisuje si\u0119 to w nasze cele jako ubezpieczyciela mocno propaguj\u0105cego aktywny tryb \u017cycia, profilaktyk\u0119 zdrowotn\u0105. Cieszymy si\u0119 te\u017c, \u017ce jeste\u015bmy cz\u0119\u015bci\u0105 wydarzenia b\u0119d\u0105cego wizyt\u00f3wk\u0105 Polski jako atrakcyjnego, pi\u0119knego kraju, kt\u00f3ry \u015bwietnie radzi sobie z organizacj\u0105 imprez na najwy\u017cszym \u015bwiatowym poziomie. Zach\u0119cam wszystkich do \u015bledzenia TdP i kibicowania, zw\u0142aszcza podczas zawsze emocjonuj\u0105cych etap\u00f3w g\u00f3rskich<\/em> &#8211; m\u00f3wi Pawe\u0142 Wr\u00f3bel, dyrektor Grupy PZU ds. marketingu, komunikacji i zaanga\u017cowa\u0144 spo\u0142ecznych.<\/p><\/blockquote>\n<p>Etapy z premiami g\u00f3rskimi s\u0105 jednymi z najwa\u017cniejszych i najbardziej efektowych w TdP, a rywalizacja o tytu\u0142 Najlepszego G\u00f3rala PZU co roku jest bardzo zaci\u0119ta i trwa do ostatniej chwili. Lider Klasyfikacji G\u00f3rskiej zyskuje punkty w rankingu UCI, a na mecie ka\u017cdego odcinka jest osobno dekorowany i zak\u0142ada charakterystyczn\u0105 koszulk\u0119 PZU.<\/p>\n<p>W tym roku PZU w ramach dzia\u0142alno\u015bci prewencyjnej wspiera r\u00f3wnie\u017c Tour de Pologne Junior, czyli zawody w kolarstwie szosowym dla dzieci i m\u0142odzie\u017cy, kt\u00f3re odb\u0119d\u0105 si\u0119 w dniach 15-18 sierpnia i towarzysz\u0105 g\u0142\u00f3wnemu wy\u015bcigowi. TdP Junior umo\u017cliwia licencjonowanym kolarzom oraz zawodnikom ze szk\u00f3\u0142ek kolarskich w wieku od 11 do 14 lat sprawdzenie si\u0119 w rywalizacji na fragmentach tych samych tras, na kt\u00f3rych \u015bci\u0105gaj\u0105 si\u0119 gwiazdy TdP.<\/p>\n<\/div>\n<div class=\"news_details__attachment-title\"><\/div>\n","protected":false},"excerpt":{"rendered":"PZU sponsorem 81. Tour de Pologne PZU zosta\u0142 Sponsorem Oficjalnym 81. Tour de Pologne UCI World Tour 2024.&hellip;","protected":false},"author":68,"featured_media":202940,"comment_status":"open","ping_status":"closed","sticky":false,"template":"","format":"standard","meta":{"csco_display_header_overlay":false,"csco_singular_sidebar":"","csco_page_header_type":"","csco_page_load_nextpost":"","csco_post_video_location":[],"csco_post_video_location_hash":"","csco_post_video_url":"","csco_post_video_bg_start_time":0,"csco_post_video_bg_end_time":0,"footnotes":""},"categories":[5156],"tags":[324,14074],"class_list":{"0":"post-202939","1":"post","2":"type-post","3":"status-publish","4":"format-standard","5":"has-post-thumbnail","7":"category-ciekawostki","8":"tag-pzu","9":"tag-tour-de-pologne-uci-world-tour-2024","10":"cs-entry","11":"cs-video-wrap"},"_links":{"self":[{"href":"https:\/\/mediarun.com\/pl\/wp-json\/wp\/v2\/posts\/202939","targetHints":{"allow":["GET"]}}],"collection":[{"href":"https:\/\/mediarun.com\/pl\/wp-json\/wp\/v2\/posts"}],"about":[{"href":"https:\/\/mediarun.com\/pl\/wp-json\/wp\/v2\/types\/post"}],"author":[{"embeddable":true,"href":"https:\/\/mediarun.com\/pl\/wp-json\/wp\/v2\/users\/68"}],"replies":[{"embeddable":true,"href":"https:\/\/mediarun.com\/pl\/wp-json\/wp\/v2\/comments?post=202939"}],"version-history":[{"count":0,"href":"https:\/\/mediarun.com\/pl\/wp-json\/wp\/v2\/posts\/202939\/revisions"}],"wp:featuredmedia":[{"embeddable":true,"href":"https:\/\/mediarun.com\/pl\/wp-json\/wp\/v2\/media\/202940"}],"wp:attachment":[{"href":"https:\/\/mediarun.com\/pl\/wp-json\/wp\/v2\/media?parent=202939"}],"wp:term":[{"taxonomy":"category","embeddable":true,"href":"https:\/\/mediarun.com\/pl\/wp-json\/wp\/v2\/categories?post=202939"},{"taxonomy":"post_tag","embeddable":true,"href":"https:\/\/mediarun.com\/pl\/wp-json\/wp\/v2\/tags?post=202939"}],"curies":[{"name":"wp","href":"https:\/\/api.w.org\/{rel}","templated":true}]}}