{"id":202924,"date":"2024-07-16T12:37:55","date_gmt":"2024-07-16T10:37:55","guid":{"rendered":"https:\/\/mediarun.com\/pl\/?p=202924"},"modified":"2024-07-16T12:37:55","modified_gmt":"2024-07-16T10:37:55","slug":"eska-tv-nowy-prowadzacy-w-topowym-programie","status":"publish","type":"post","link":"https:\/\/mediarun.com\/pl\/media\/tv\/eska-tv-nowy-prowadzacy-w-topowym-programie.html","title":{"rendered":"ESKA TV:  Nowy prowadz\u0105cy w topowym programie!"},"content":{"rendered":"<p><span style=\"color: #000000; font-family: tahoma, sans-serif; font-size: large;\"><b>Rafa\u0142 Jonkisz zadebiutowa\u0142 w roli prowadz\u0105cego w ESKA TV! Wideo<\/b><\/span><\/p>\n<p><span style=\"color: #000000; font-family: tahoma, sans-serif;\"><b>Na antenie ESKA TV od poniedzia\u0142ku mo\u017cna ju\u017c ogl\u0105da\u0107 now\u0105 edycj\u0119 wakacyjnego programu \u201eESKA On The Beach&#8221;. Do Oli Kot, prezenterki zwi\u0105zanej ze stacj\u0105 od lat, do\u0142\u0105czy\u0142 Rafa\u0142 Jonkisz, tw\u00f3rca internetowy, akrobata i zdobywca tytu\u0142u Mister Polski 2015.<\/b><\/span><\/p>\n<blockquote><p><span style=\"color: #000000; font-family: tahoma, sans-serif;\"><i>Mo\u017cliwo\u015b\u0107 wsp\u00f3\u0142prowadzenia nowej edycji \u201eESKA On The Beach&#8221; by\u0142a ogromnym wyzwaniem. To, co z pozycji kanapy wydawa\u0142o si\u0119 proste, wcale takie nie jest. Na szcz\u0119\u015bcie mog\u0142em liczy\u0107 na pomoc Oli i ca\u0142ej ekipy, kt\u00f3rej bardzo dzi\u0119kuj\u0119 za wsparcie, cho\u0107 wiem, \u017ce wielokrotnie nie mieli ze mn\u0105 \u0142atwo (\u015bmiech). Pracuj\u0105c na planie, da\u0142em z siebie wszystko i mam nadziej\u0119, \u017ce widzowie doceni\u0105 moje starania, wybacz\u0105, je\u015bli co\u015b posz\u0142o nie tak i odwiedz\u0105 Trentino, bo naprawd\u0119 warto<\/i><span class=\"v1gmail-Apple-converted-space\">\u00a0<\/span>\u2013 m\u00f3wi o swoim debiucie Rafa\u0142 Jonkisz.<\/span><\/p><\/blockquote>\n<p><span style=\"color: #000000; font-family: tahoma, sans-serif;\">Nowa edycja znanego programu \u201e<strong>ESKA On The Beach<\/strong>&#8222;, kt\u00f3rej premiera odby\u0142a si\u0119 15 lipca 2024 roku, po raz pierwszy zosta\u0142a zrealizowana w g\u00f3rach, a mianowicie w popularnym zimowym kierunku w\u015br\u00f3d Polak\u00f3w \u2013 we w\u0142oskim regionie Trentino. W podr\u00f3\u017cniczo-rozrywkowym formacie Ola Kot i debiutuj\u0105cy Rafa\u0142 Jonkisz udowadniaj\u0105, \u017ce Trentino ma do zaoferowania wiele atrakcji przez ca\u0142y rok.<\/span><\/p>\n<p><span style=\"color: #000000; font-family: tahoma, sans-serif;\">W trakcie programu para przetestowa\u0142a mn\u00f3stwo atrakcji (m.in. paralotniarstwo, kanioning, jazda konna), odwiedzi\u0142a wiele interesuj\u0105cych miejsc i pr\u00f3bowa\u0142a przysmak\u00f3w lokalnej kuchni. Jak sama nazwa programu wskazuje, nie mog\u0142o zabrakn\u0105\u0107 te\u017c pla\u017c. Trentino, posiadaj\u0105ce prawie 300 jezior, sta\u0142o si\u0119 t\u0142em dla wielu aktywno\u015bci wodnych, w kt\u00f3rych Ola i Rafa\u0142 wzi\u0119li udzia\u0142.<\/span><\/p>\n<p><span style=\"color: #000000; font-family: tahoma, sans-serif;\"><b>Jak w roli prowadz\u0105cego poradzi\u0142 sobie Rafa\u0142 Jonkisz? Widzowie mog\u0105 si\u0119 o tym przekona\u0107, ogl\u0105daj\u0105c \u201eESKA On The Beach&#8221; od 15 do 26 lipca od poniedzia\u0142ku do pi\u0105tku mi\u0119dzy 13:00 a 15:00 na ESKA TV.<\/b><\/span><\/p>\n<p><span style=\"color: #000000; font-family: tahoma, sans-serif;\">Warto doda\u0107, \u017ce od zwyci\u0119stwa w konkursie Mister Polski 2015 Rafa\u0142 Jonkisz regularnie pojawia si\u0119 w najwi\u0119kszych telewizyjnych programach w Polsce. Dotychczas wyst\u0105pi\u0142 m.in. w: \u201eDance Dance Dance&#8221;, \u201eAgent \u2013 Gwiazdy&#8221;, \u201eDancing with the Stars. Taniec z Gwiazdami&#8221;, \u201eNinja Warrior&#8221;, \u201eHell&#8217;s Kitchen \u2013 Piekielna Kuchnia&#8221; oraz programie <strong>ESKA TV<\/strong> \u201eCelebs go dating. Gwiazdy id\u0105 na podryw&#8221;.<\/span><\/p>\n<p><span style=\"color: #000000; font-family: tahoma, sans-serif;\">Przypomnijmy, \u017ce \u201eESKA On The Beach&#8221; to format, w kt\u00f3rym prowadz\u0105cy odwiedzaj\u0105 najpi\u0119kniejsze zak\u0105tki \u015bwiata. Program emitowany jest przez ca\u0142e wakacje od poniedzia\u0142ku do pi\u0105tku mi\u0119dzy 13:00 a 15:00, a na jego pasmo sk\u0142adaj\u0105 si\u0119 wej\u015bcia prowadz\u0105cych oraz najgor\u0119tsze wakacyjne klipy. Na pocz\u0105tku lipca na antenie <strong>ESKA TV<\/strong> emitowane by\u0142y odcinki zrealizowane na Karaibach. W rejs po Morzu Karaibskim widz\u00f3w zabra\u0142y Ola Kot oraz Kasia Morawska.<\/span><\/p>\n","protected":false},"excerpt":{"rendered":"Rafa\u0142 Jonkisz zadebiutowa\u0142 w roli prowadz\u0105cego w ESKA TV! Wideo Na antenie ESKA TV od poniedzia\u0142ku mo\u017cna ju\u017c&hellip;","protected":false},"author":68,"featured_media":202925,"comment_status":"open","ping_status":"closed","sticky":false,"template":"","format":"standard","meta":{"csco_display_header_overlay":false,"csco_singular_sidebar":"","csco_page_header_type":"","csco_page_load_nextpost":"","csco_post_video_location":[],"csco_post_video_location_hash":"","csco_post_video_url":"","csco_post_video_bg_start_time":0,"csco_post_video_bg_end_time":0,"footnotes":""},"categories":[9670],"tags":[660,14070],"class_list":{"0":"post-202924","1":"post","2":"type-post","3":"status-publish","4":"format-standard","5":"has-post-thumbnail","7":"category-tv","8":"tag-eska-tv","9":"tag-rafal-jonkisz","10":"cs-entry","11":"cs-video-wrap"},"_links":{"self":[{"href":"https:\/\/mediarun.com\/pl\/wp-json\/wp\/v2\/posts\/202924","targetHints":{"allow":["GET"]}}],"collection":[{"href":"https:\/\/mediarun.com\/pl\/wp-json\/wp\/v2\/posts"}],"about":[{"href":"https:\/\/mediarun.com\/pl\/wp-json\/wp\/v2\/types\/post"}],"author":[{"embeddable":true,"href":"https:\/\/mediarun.com\/pl\/wp-json\/wp\/v2\/users\/68"}],"replies":[{"embeddable":true,"href":"https:\/\/mediarun.com\/pl\/wp-json\/wp\/v2\/comments?post=202924"}],"version-history":[{"count":0,"href":"https:\/\/mediarun.com\/pl\/wp-json\/wp\/v2\/posts\/202924\/revisions"}],"wp:featuredmedia":[{"embeddable":true,"href":"https:\/\/mediarun.com\/pl\/wp-json\/wp\/v2\/media\/202925"}],"wp:attachment":[{"href":"https:\/\/mediarun.com\/pl\/wp-json\/wp\/v2\/media?parent=202924"}],"wp:term":[{"taxonomy":"category","embeddable":true,"href":"https:\/\/mediarun.com\/pl\/wp-json\/wp\/v2\/categories?post=202924"},{"taxonomy":"post_tag","embeddable":true,"href":"https:\/\/mediarun.com\/pl\/wp-json\/wp\/v2\/tags?post=202924"}],"curies":[{"name":"wp","href":"https:\/\/api.w.org\/{rel}","templated":true}]}}