{"id":202768,"date":"2024-06-18T09:00:49","date_gmt":"2024-06-18T07:00:49","guid":{"rendered":"https:\/\/mediarun.com\/pl\/?p=202768"},"modified":"2024-07-15T20:16:22","modified_gmt":"2024-07-15T18:16:22","slug":"iberion-z-nowa-szefowa-marketingu","status":"publish","type":"post","link":"https:\/\/mediarun.com\/pl\/marketing\/iberion-z-nowa-szefowa-marketingu.html","title":{"rendered":"Iberion z now\u0105 szefowa marketingu"},"content":{"rendered":"<h1>Rewolucja w Iberionie nowa szefowa marketingu<\/h1>\n<h2>Olga G\u0142\u0119bicka awansowana na stanowisko Head of Marketing w Iberionie<\/h2>\n<p>W czerwcu do zespo\u0142u <strong>Iberion<\/strong> do\u0142\u0105czy\u0142a <strong>Olga\u00a0G\u0142\u0119bicka<\/strong>, kt\u00f3ra zosta\u0142a mianowana na stanowisko Head of Marketing. B\u0119dzie \u00a0odpowiada\u0107 za strategi\u0119 komunikacji grupy oraz jej produkt\u00f3w, w\u0142\u0105czaj\u0105c w to dzia\u0142ania wizerunkowe.<\/p>\n<p><strong>Olga G\u0142\u0119bicka<\/strong> rozpocz\u0119\u0142a prac\u0119 w Iberionie 1 marca 2024 roku i ju\u017c w ci\u0105gu pierwszych trzech miesi\u0119cy swojej dzia\u0142alno\u015bci zorganizowa\u0142a zesp\u00f3\u0142 marketingu oraz nadzorowa\u0142a od\u015bwie\u017cenie strony internetowej wydawcy.<\/p>\n<p><strong>Maksymilian Tomanek<\/strong>, wiceprezes zarz\u0105du i wsp\u00f3\u0142w\u0142a\u015bciciel Iberionu, komentuj\u0105c awans <strong>Olgi\u00a0G\u0142\u0119bickiej<\/strong>, podkre\u015bli\u0142 jej doskona\u0142e kompetencje marketingowe oraz organizacyjne. Decyzja o jej awansie po kr\u00f3tkim okresie wsp\u00f3\u0142pracy jest dowodem na bezkompromisowe docenianie najlepszych pracownik\u00f3w, co jest podstawow\u0105 warto\u015bci\u0105 kultury organizacyjnej firmy.<\/p>\n<p>Przed do\u0142\u0105czeniem do Iberionu \u00a0<strong>Olga\u00a0G\u0142\u0119bicka<\/strong> pe\u0142ni\u0142a funkcj\u0119 kierownika komunikacji marki Glov (Phenicoptere), wprowadzaj\u0105c na rynek ponad 40 nowych produkt\u00f3w beauty. Przez ponad 8 lat odpowiada\u0142a za komunikacj\u0119 digital marek FMCG takich jak Bonduelle, Kujawski czy Smakowita. Tworzy\u0142a strategie kreatywne i komunikacyjne m.in. dla serwis\u00f3w i aplikacji Fooder (Lafudu \/ Bunge), Warzywnych Inspiracji (Lafudu \/ Bonduelle Polska) czy Budget.Studio (Iconaris). Zajmowa\u0142a si\u0119 r\u00f3wnie\u017c komunikacj\u0105 CSR (Z Kujawskim Pomagamy Pszczo\u0142om \/ Bunge), food service (Bonduelle Food Service) oraz komunikacj\u0105 kryzysow\u0105. Od 2010 r. jest r\u00f3wnie\u017c zwi\u0105zana z produkcj\u0105 telewizyjn\u0105 (TVP2, TVN, TV Puls), dlatego w Iberionie wspiera dzia\u0142 reklamy i wideo przy tworzeniu strategii contententowej dla partner\u00f3w i klient\u00f3w B2B.<\/p>\n<p><strong>Olga G\u0142\u0119bicka<\/strong> b\u0119dzie raportowa\u0107 bezpo\u015brednio do <strong>Maksymiliana Tomanka<\/strong>, wiceprezesa i wsp\u00f3\u0142w\u0142a\u015bciciela grupy <strong>Iberion<\/strong>. Jej awans \u015bwiadczy o zaufaniu i uznaniu dla jej umiej\u0119tno\u015bci oraz wk\u0142adu w rozw\u00f3j firmy.<\/p>\n","protected":false},"excerpt":{"rendered":"Rewolucja w Iberionie nowa szefowa marketingu Olga G\u0142\u0119bicka awansowana na stanowisko Head of Marketing w Iberionie W czerwcu&hellip;","protected":false},"author":68,"featured_media":202771,"comment_status":"open","ping_status":"closed","sticky":false,"template":"","format":"standard","meta":{"csco_display_header_overlay":false,"csco_singular_sidebar":"","csco_page_header_type":"","csco_page_load_nextpost":"","csco_post_video_location":[],"csco_post_video_location_hash":"","csco_post_video_url":"","csco_post_video_bg_start_time":0,"csco_post_video_bg_end_time":0,"footnotes":""},"categories":[9678,9677,9639],"tags":[14016,14017,14018],"class_list":{"0":"post-202768","1":"post","2":"type-post","3":"status-publish","4":"format-standard","5":"has-post-thumbnail","7":"category-awanse","8":"category-ludzie","9":"category-marketing","10":"tag-aleksandra-glebicka","11":"tag-iberion","12":"tag-maksymilian-tomanek","13":"cs-entry","14":"cs-video-wrap"},"_links":{"self":[{"href":"https:\/\/mediarun.com\/pl\/wp-json\/wp\/v2\/posts\/202768","targetHints":{"allow":["GET"]}}],"collection":[{"href":"https:\/\/mediarun.com\/pl\/wp-json\/wp\/v2\/posts"}],"about":[{"href":"https:\/\/mediarun.com\/pl\/wp-json\/wp\/v2\/types\/post"}],"author":[{"embeddable":true,"href":"https:\/\/mediarun.com\/pl\/wp-json\/wp\/v2\/users\/68"}],"replies":[{"embeddable":true,"href":"https:\/\/mediarun.com\/pl\/wp-json\/wp\/v2\/comments?post=202768"}],"version-history":[{"count":0,"href":"https:\/\/mediarun.com\/pl\/wp-json\/wp\/v2\/posts\/202768\/revisions"}],"wp:featuredmedia":[{"embeddable":true,"href":"https:\/\/mediarun.com\/pl\/wp-json\/wp\/v2\/media\/202771"}],"wp:attachment":[{"href":"https:\/\/mediarun.com\/pl\/wp-json\/wp\/v2\/media?parent=202768"}],"wp:term":[{"taxonomy":"category","embeddable":true,"href":"https:\/\/mediarun.com\/pl\/wp-json\/wp\/v2\/categories?post=202768"},{"taxonomy":"post_tag","embeddable":true,"href":"https:\/\/mediarun.com\/pl\/wp-json\/wp\/v2\/tags?post=202768"}],"curies":[{"name":"wp","href":"https:\/\/api.w.org\/{rel}","templated":true}]}}